{"id":10955,"date":"2018-08-06T13:50:00","date_gmt":"2018-08-06T16:50:00","guid":{"rendered":"https:\/\/jusprev.org.br\/backup\/?p=10955"},"modified":"2018-08-06T13:50:00","modified_gmt":"2018-08-06T16:50:00","slug":"projecoes-do-ibge-apontam-triplicacao-da-populacao-idosa-ate-2060","status":"publish","type":"post","link":"https:\/\/jusprev.org.br\/backup\/projecoes-do-ibge-apontam-triplicacao-da-populacao-idosa-ate-2060\/","title":{"rendered":"Proje\u00e7\u00f5es do IBGE apontam triplica\u00e7\u00e3o da popula\u00e7\u00e3o idosa at\u00e9 2060"},"content":{"rendered":"<p><img loading=\"lazy\" decoding=\"async\" src=\"https:\/\/jusprev.org.br\/backup\/wp-content\/uploads\/2018\/08\/pedestrians-400811_960_720-1.jpg\" alt=\"pedestrians-400811_960_720\" width=\"500\" height=\"450\" class=\"aligncenter size-full wp-image-10958\" \/><br \/>\n<strong><br \/>\n[Fonte: Abrapp Acontece]<\/strong> Os dados e informa\u00e7\u00f5es divulgados pelo Instituto Brasileiro de Geografia e Estat\u00edstica (IBGE) no final de julho de 2018 mostraram o aumento da popula\u00e7\u00e3o idosa no pa\u00eds, o que j\u00e1 se sabia desde o \u00faltimo levantamento realizado h\u00e1 cinco anos. O que continua surpreendendo \u00e9 a velocidade e a intensidade com que  essa tend\u00eancia vem afetando a demografia da popula\u00e7\u00e3o. \u201cEntre 2018 e 2060 haver\u00e1 aumento m\u00e9dio anual de 1,1 milh\u00e3o da popula\u00e7\u00e3o acima de 60 anos. \u00c9 um aumento muito r\u00e1pido e intenso\u201d, aponta Rog\u00e9rio Nagamine Costanzi, pesquisador do IPEA. O especialista aponta que hoje a rela\u00e7\u00e3o entre a popula\u00e7\u00e3o em idade economicamente ativa (15 a 64 anos) e o grupo de idosos \u00e9 de 7 para 1. Em 2060, essa rela\u00e7\u00e3o vai cair para 2 para 1.<\/p>\n<p>A popula\u00e7\u00e3o acima de 60 anos saltar\u00e1 dos atuais 28,5 milh\u00f5es em 2018 para 73,5 milh\u00f5es em 2060. Se considerado o grupo acima de 65 anos, haver\u00e1 uma triplica\u00e7\u00e3o nos n\u00fameros dos atuais 19,2 milh\u00f5es para 58,2 milh\u00f5es. Segundo as proje\u00e7\u00f5es, o grupo de idosos representar\u00e1 25% da popula\u00e7\u00e3o total do pa\u00eds em 2060. O cen\u00e1rio futuro indica, segundo o pesquisador, que ser\u00e1 necess\u00e1rio realizar a Reforma da Previd\u00eancia, nem que seja com mudan\u00e7as param\u00e9tricas (idade e regras de contribui\u00e7\u00e3o).<\/p>\n<p>O grupo acima de 65 anos crescer\u00e1 a uma m\u00e9dia de 2,7% ao ano no per\u00edodo considerado.  J\u00e1 a popula\u00e7\u00e3o acima de 80 anos de idade, aumentar\u00e1 a uma taxa m\u00e9dia anual de 3,7%, o que far\u00e1 quintuplicar o grupo de octogen\u00e1rios no Brasil. Enquanto isso, a popula\u00e7\u00e3o total crescer\u00e1 a uma m\u00e9dia anual de apenas 0,2%. Para agravar a situa\u00e7\u00e3o, a popula\u00e7\u00e3o ativa, de 15 a 64 anos, j\u00e1 est\u00e1 come\u00e7ando a apresentar queda desde o ano passado.<\/p>\n<p>B\u00f4nus demogr\u00e1fico &#8211; Os dados do IBGE mostram que o pa\u00eds est\u00e1 deixando para atr\u00e1s o per\u00edodo de b\u00f4nus demogr\u00e1fico, que \u00e9 marcado pelo crescimento da popula\u00e7\u00e3o em idade economicamente ativa (15 a 64 anos). \u201cHavia uma previs\u00e3o que o b\u00f4nus atingisse o ponto m\u00e1ximo entre 2020 e 2022, mas ele terminou em 2017, ou seja, antes do previsto\u201d, explica Rog\u00e9rio Nagamine. Segundo o especialista, isso ocorreu porque o aumento da longevidade foi mais r\u00e1pido que as proje\u00e7\u00f5es anteriores.<\/p>\n<p><strong>Proje\u00e7\u00f5es do IBGE  at\u00e9 2060:<\/strong><\/p>\n<p>&#8211; Popula\u00e7\u00e3o acima de 65 anos ir\u00e1 triplicar<br \/>\n&#8211; Saltar\u00e1 dos atuais 19,2 milh\u00f5es para 58,2 milh\u00f5es<\/p>\n<p>&#8211; Popula\u00e7\u00e3o entre 15 a 64 anos sofrer\u00e1 redu\u00e7\u00e3o<br \/>\n&#8211; Diminuir\u00e1 dos atuais 144,8 milh\u00f5es para 136,5 milh\u00f5es<\/p>\n<p>&#8211; Grupo acima de 65 anos crescer\u00e1 em m\u00e9dia 2,7% ao ano<br \/>\n&#8211; Acima de 80 anos crescer\u00e1 em m\u00e9dia 3,7% ao ano<br \/>\n&#8211; Popula\u00e7\u00e3o total crescer\u00e1 em m\u00e9dia 0,2% ao ano<\/p>\n<p><em>Com informa\u00e7\u00f5es do boletim Abrapp Acontece, edi\u00e7\u00e3o 06\/08\/2018<\/em><\/p>\n","protected":false},"excerpt":{"rendered":"<p>[Fonte: Abrapp Acontece] Os dados e informa\u00e7\u00f5es divulgados pelo Instituto Brasileiro de Geografia e Estat\u00edstica (IBGE) no final de julho de 2018 mostraram o aumento da popula\u00e7\u00e3o idosa no pa\u00eds,&#8230;<\/p>\n","protected":false},"author":3,"featured_media":0,"comment_status":"closed","ping_status":"closed","sticky":false,"template":"","format":"standard","meta":{"footnotes":""},"categories":[31],"tags":[],"class_list":["post-10955","post","type-post","status-publish","format-standard","hentry","category-noticias"],"_links":{"self":[{"href":"https:\/\/jusprev.org.br\/backup\/wp-json\/wp\/v2\/posts\/10955","targetHints":{"allow":["GET"]}}],"collection":[{"href":"https:\/\/jusprev.org.br\/backup\/wp-json\/wp\/v2\/posts"}],"about":[{"href":"https:\/\/jusprev.org.br\/backup\/wp-json\/wp\/v2\/types\/post"}],"author":[{"embeddable":true,"href":"https:\/\/jusprev.org.br\/backup\/wp-json\/wp\/v2\/users\/3"}],"replies":[{"embeddable":true,"href":"https:\/\/jusprev.org.br\/backup\/wp-json\/wp\/v2\/comments?post=10955"}],"version-history":[{"count":0,"href":"https:\/\/jusprev.org.br\/backup\/wp-json\/wp\/v2\/posts\/10955\/revisions"}],"wp:attachment":[{"href":"https:\/\/jusprev.org.br\/backup\/wp-json\/wp\/v2\/media?parent=10955"}],"wp:term":[{"taxonomy":"category","embeddable":true,"href":"https:\/\/jusprev.org.br\/backup\/wp-json\/wp\/v2\/categories?post=10955"},{"taxonomy":"post_tag","embeddable":true,"href":"https:\/\/jusprev.org.br\/backup\/wp-json\/wp\/v2\/tags?post=10955"}],"curies":[{"name":"wp","href":"https:\/\/api.w.org\/{rel}","templated":true}]}}