{"id":10988,"date":"2018-08-22T16:29:47","date_gmt":"2018-08-22T19:29:47","guid":{"rendered":"https:\/\/jusprev.org.br\/backup\/?p=10988"},"modified":"2018-08-22T16:29:47","modified_gmt":"2018-08-22T19:29:47","slug":"jusprev-reune-orgaos-colegiados-na-sede-da-amma","status":"publish","type":"post","link":"https:\/\/jusprev.org.br\/backup\/jusprev-reune-orgaos-colegiados-na-sede-da-amma\/","title":{"rendered":"JUSPREV re\u00fane \u00d3rg\u00e3os Colegiados na sede da AMMA"},"content":{"rendered":"<p>Nesta sexta-feira, dia 24\/08, a JUSPREV realiza a Reuni\u00e3o Geral dos \u00d3rg\u00e3os Colegiados da Entidade. O evento acontece a partir das 8h30, na sede administrativa da AMMA, Associa\u00e7\u00e3o dos Magistrados do Maranh\u00e3o. A reuni\u00e3o conta com parceria e apoio da AMMA e da Associa\u00e7\u00e3o do Minist\u00e9rio P\u00fablico do Estado do Maranh\u00e3o (AMPEM), que s\u00e3o instituidoras da JUSPREV.<\/p>\n<p>A reuni\u00e3o ter\u00e1 in\u00edcio com o Conselho Fiscal e o Comit\u00ea de Investimentos da JUSPREV, que ir\u00e3o apresentar informa\u00e7\u00f5es referentes ao 1\u00ba semestre de 2018. Na sequ\u00eancia, \u00e0s 10h30, acontece uma palestra que abordar\u00e1 o funcionamento da JUSPREV e as vantagens e benef\u00edcios previdenci\u00e1rios oferecidos pela entidade. Participar\u00e3o os associados da AMMA e AMPEM.<\/p>\n<p>Os assuntos ser\u00e3o apresentados pela Dra. Maria Tereza Uille Gomes (Conselheira do CNJ e idealizadora da JUSPREV), Dr. Gerv\u00e1sio dos Santos (Juiz e Membro do Comit\u00ea de Investimentos da JUSPREV), Dr. M\u00e1rcio Gheller (Auditor-Fiscal e Diretor Jur\u00eddico e de Benef\u00edcios da JUSPREV) e Dra. Deborah Maggio (Advogada especialista em Previd\u00eancia Complementar e gerente geral da JUSPREV).<\/p>\n<p>No per\u00edodo da tarde, \u00e0s 14h, ter\u00e1 in\u00edcio a segunda parte da Reuni\u00e3o Geral com os integrantes do Col\u00e9gio de Instituidoras, do Conselho Deliberativo, do Conselho Fiscal, do Comit\u00ea de Investimentos e da Diretoria Executiva.<\/p>\n","protected":false},"excerpt":{"rendered":"<p>Nesta sexta-feira, dia 24\/08, a JUSPREV realiza a Reuni\u00e3o Geral dos \u00d3rg\u00e3os Colegiados da Entidade. O evento acontece a partir das 8h30, na sede administrativa da AMMA, Associa\u00e7\u00e3o dos Magistrados&#8230;<\/p>\n","protected":false},"author":3,"featured_media":0,"comment_status":"closed","ping_status":"closed","sticky":false,"template":"","format":"standard","meta":{"footnotes":""},"categories":[31],"tags":[],"class_list":["post-10988","post","type-post","status-publish","format-standard","hentry","category-noticias"],"_links":{"self":[{"href":"https:\/\/jusprev.org.br\/backup\/wp-json\/wp\/v2\/posts\/10988","targetHints":{"allow":["GET"]}}],"collection":[{"href":"https:\/\/jusprev.org.br\/backup\/wp-json\/wp\/v2\/posts"}],"about":[{"href":"https:\/\/jusprev.org.br\/backup\/wp-json\/wp\/v2\/types\/post"}],"author":[{"embeddable":true,"href":"https:\/\/jusprev.org.br\/backup\/wp-json\/wp\/v2\/users\/3"}],"replies":[{"embeddable":true,"href":"https:\/\/jusprev.org.br\/backup\/wp-json\/wp\/v2\/comments?post=10988"}],"version-history":[{"count":0,"href":"https:\/\/jusprev.org.br\/backup\/wp-json\/wp\/v2\/posts\/10988\/revisions"}],"wp:attachment":[{"href":"https:\/\/jusprev.org.br\/backup\/wp-json\/wp\/v2\/media?parent=10988"}],"wp:term":[{"taxonomy":"category","embeddable":true,"href":"https:\/\/jusprev.org.br\/backup\/wp-json\/wp\/v2\/categories?post=10988"},{"taxonomy":"post_tag","embeddable":true,"href":"https:\/\/jusprev.org.br\/backup\/wp-json\/wp\/v2\/tags?post=10988"}],"curies":[{"name":"wp","href":"https:\/\/api.w.org\/{rel}","templated":true}]}}