{"id":11000,"date":"2018-08-27T14:39:54","date_gmt":"2018-08-27T17:39:54","guid":{"rendered":"https:\/\/jusprev.org.br\/backup\/?p=10999"},"modified":"2018-08-27T14:39:54","modified_gmt":"2018-08-27T17:39:54","slug":"associacao-paraibana-do-ministerio-publico-e-a-nova-instituidora-da-jusprev","status":"publish","type":"post","link":"https:\/\/jusprev.org.br\/backup\/associacao-paraibana-do-ministerio-publico-e-a-nova-instituidora-da-jusprev\/","title":{"rendered":"Associa\u00e7\u00e3o Paraibana do Minist\u00e9rio P\u00fablico \u00e9 a nova instituidora da JUSPREV"},"content":{"rendered":"<p><img loading=\"lazy\" decoding=\"async\" class=\"aligncenter size-full wp-image-11000\" src=\"https:\/\/jusprev.org.br\/backup\/wp-content\/uploads\/2018\/08\/LOGO3.png\" alt=\"LOGO3\" width=\"600\" height=\"303\" \/><\/p>\n<p>&nbsp;<\/p>\n<p>\u00c9 com grande satisfa\u00e7\u00e3o que a JUSPREV anuncia a ades\u00e3o de mais uma Entidade em seu Col\u00e9gio de Instituidoras. A <strong>Associa\u00e7\u00e3o Paraibana do Minist\u00e9rio P\u00fablico<\/strong> passou a integrar o \u00f3rg\u00e3o colegiado da JUSPREV em agosto. Fundada no dia 3 de outubro de 1947, a Associa\u00e7\u00e3o defende as prerrogativas, direitos e interesses da classe e dos seus associados e participa de todas as lutas de interesse do Minist\u00e9rio P\u00fablico.<\/p>\n<p>Com a ades\u00e3o, aprovada pela PREVIC, a APMP j\u00e1 pode oferecer o benef\u00edcio de uma aposentadoria segura para todos os seus associados. A JUSPREV possui mais de 70 Associa\u00e7\u00f5es de Carreiras P\u00fablicas em seu Col\u00e9gio de Instituidoras. Com abrang\u00eancia nacional, administra um patrim\u00f4nio de mais de 200 milh\u00f5es em ativos no seu plano de benef\u00edcios previdenci\u00e1rios, o PLANJUS.<\/p>\n<p>Para aderir \u00e0 JUSPREV, basta enviar um e-mail para <a href=\"mailto:consultoria@jusprev.org.br\">consultoria@jusprev.org.br<\/a>. Um dos consultores previdenci\u00e1rios da regi\u00e3o entrar\u00e1 em contato para uma consulta personalizada. Saiba mais em <a href=\"https:\/\/jusprev.org.br\/backup\">www.jusprev.org.br<\/a>.<\/p>\n","protected":false},"excerpt":{"rendered":"<p>&nbsp; \u00c9 com grande satisfa\u00e7\u00e3o que a JUSPREV anuncia a ades\u00e3o de mais uma Entidade em seu Col\u00e9gio de Instituidoras. A Associa\u00e7\u00e3o Paraibana do Minist\u00e9rio P\u00fablico passou a integrar o&#8230;<\/p>\n","protected":false},"author":3,"featured_media":0,"comment_status":"closed","ping_status":"closed","sticky":false,"template":"","format":"standard","meta":{"footnotes":""},"categories":[31],"tags":[],"class_list":["post-11000","post","type-post","status-publish","format-standard","hentry","category-noticias"],"_links":{"self":[{"href":"https:\/\/jusprev.org.br\/backup\/wp-json\/wp\/v2\/posts\/11000","targetHints":{"allow":["GET"]}}],"collection":[{"href":"https:\/\/jusprev.org.br\/backup\/wp-json\/wp\/v2\/posts"}],"about":[{"href":"https:\/\/jusprev.org.br\/backup\/wp-json\/wp\/v2\/types\/post"}],"author":[{"embeddable":true,"href":"https:\/\/jusprev.org.br\/backup\/wp-json\/wp\/v2\/users\/3"}],"replies":[{"embeddable":true,"href":"https:\/\/jusprev.org.br\/backup\/wp-json\/wp\/v2\/comments?post=11000"}],"version-history":[{"count":0,"href":"https:\/\/jusprev.org.br\/backup\/wp-json\/wp\/v2\/posts\/11000\/revisions"}],"wp:attachment":[{"href":"https:\/\/jusprev.org.br\/backup\/wp-json\/wp\/v2\/media?parent=11000"}],"wp:term":[{"taxonomy":"category","embeddable":true,"href":"https:\/\/jusprev.org.br\/backup\/wp-json\/wp\/v2\/categories?post=11000"},{"taxonomy":"post_tag","embeddable":true,"href":"https:\/\/jusprev.org.br\/backup\/wp-json\/wp\/v2\/tags?post=11000"}],"curies":[{"name":"wp","href":"https:\/\/api.w.org\/{rel}","templated":true}]}}