{"id":11081,"date":"2018-10-05T11:37:16","date_gmt":"2018-10-05T14:37:16","guid":{"rendered":"https:\/\/jusprev.org.br\/backup\/?p=11081"},"modified":"2018-10-05T11:37:16","modified_gmt":"2018-10-05T14:37:16","slug":"jusprev-conquista-selo-enef-de-educacao-financeira","status":"publish","type":"post","link":"https:\/\/jusprev.org.br\/backup\/jusprev-conquista-selo-enef-de-educacao-financeira\/","title":{"rendered":"JUSPREV conquista Selo ENEF de Educa\u00e7\u00e3o Financeira"},"content":{"rendered":"<p><img loading=\"lazy\" decoding=\"async\" src=\"https:\/\/jusprev.org.br\/backup\/wp-content\/uploads\/2018\/10\/SELO_ENEF_CMYK_cor-300x300.jpg\" alt=\"SELO_ENEF_CMYK_cor\" width=\"300\" height=\"300\" class=\"aligncenter size-medium wp-image-11082\" \/>A JUSPREV acaba de conquistar o Selo ENEF de Educa\u00e7\u00e3o Financeira, uma iniciativa do Comit\u00ea Nacional de Educa\u00e7\u00e3o Financeira (CONEF) que reconhece as a\u00e7\u00f5es que est\u00e3o em conformidade com os objetivos e diretrizes da Estrat\u00e9gia Nacional de Educa\u00e7\u00e3o Financeira (ENEF). O selo \u00e9 v\u00e1lido at\u00e9 2020. <\/p>\n<p>Al\u00e9m de oferecer um plano de previd\u00eancia seguro para seus participantes, a JUSPREV tamb\u00e9m tem como miss\u00e3o auxiliar na educa\u00e7\u00e3o financeira destes. Por isso, mensalmente publica em seu informativo artigo sobre um tema espec\u00edfico que ajude seus participantes no planejamento financeiro. <\/p>\n<p>A transmiss\u00e3o de informa\u00e7\u00f5es tamb\u00e9m acontece no site da Entidade e em suas redes sociais, com apresenta\u00e7\u00e3o de dicas e v\u00eddeos que possam auxiliar na educa\u00e7\u00e3o financeira n\u00e3o s\u00f3 de seus participantes, como familiares e demais pessoas que possam se interessar pelo tema. <\/p>\n<p>A JUSPREV busca sempre excel\u00eancia em suas a\u00e7\u00f5es e o trabalho com a educa\u00e7\u00e3o financeira \u00e9 uma importante miss\u00e3o para ajudar no presente e no futuro dos participantes e assistido da Entidade. Os conte\u00fados compartilhados pela JUSPREV s\u00e3o produzidos pela especialista em finan\u00e7as, professora Myrian Lund.  <\/p>\n<p>Confira artigos sobre o assunto <a href=\"https:\/\/jusprev.org.br\/backup\/?page_id=10530\" target=\"_blank\">aqui <\/a>e siga nossas redes sociais para mais novidades sobre o tema!<\/p>\n<p>Facebook: https:\/\/www.facebook.com\/jusprev\/<br \/>\nInstagram: @jusprevprevidencia<br \/>\nLinkedin: https:\/\/www.linkedin.com\/company\/jusprev\/ <\/p>\n<p><a href=\"http:\/\/www.vidaedinheiro.gov.br\/2nd-enef-seal\/\" target=\"_blank\">Clique aqui <\/a>e conhe\u00e7a todas as iniciativas que foram aprovadas. <\/p>\n","protected":false},"excerpt":{"rendered":"<p>A JUSPREV acaba de conquistar o Selo ENEF de Educa\u00e7\u00e3o Financeira, uma iniciativa do Comit\u00ea Nacional de Educa\u00e7\u00e3o Financeira (CONEF) que reconhece as a\u00e7\u00f5es que est\u00e3o em conformidade com os&#8230;<\/p>\n","protected":false},"author":3,"featured_media":0,"comment_status":"closed","ping_status":"closed","sticky":false,"template":"","format":"standard","meta":{"footnotes":""},"categories":[31],"tags":[],"class_list":["post-11081","post","type-post","status-publish","format-standard","hentry","category-noticias"],"_links":{"self":[{"href":"https:\/\/jusprev.org.br\/backup\/wp-json\/wp\/v2\/posts\/11081","targetHints":{"allow":["GET"]}}],"collection":[{"href":"https:\/\/jusprev.org.br\/backup\/wp-json\/wp\/v2\/posts"}],"about":[{"href":"https:\/\/jusprev.org.br\/backup\/wp-json\/wp\/v2\/types\/post"}],"author":[{"embeddable":true,"href":"https:\/\/jusprev.org.br\/backup\/wp-json\/wp\/v2\/users\/3"}],"replies":[{"embeddable":true,"href":"https:\/\/jusprev.org.br\/backup\/wp-json\/wp\/v2\/comments?post=11081"}],"version-history":[{"count":0,"href":"https:\/\/jusprev.org.br\/backup\/wp-json\/wp\/v2\/posts\/11081\/revisions"}],"wp:attachment":[{"href":"https:\/\/jusprev.org.br\/backup\/wp-json\/wp\/v2\/media?parent=11081"}],"wp:term":[{"taxonomy":"category","embeddable":true,"href":"https:\/\/jusprev.org.br\/backup\/wp-json\/wp\/v2\/categories?post=11081"},{"taxonomy":"post_tag","embeddable":true,"href":"https:\/\/jusprev.org.br\/backup\/wp-json\/wp\/v2\/tags?post=11081"}],"curies":[{"name":"wp","href":"https:\/\/api.w.org\/{rel}","templated":true}]}}