{"id":11092,"date":"2018-10-09T10:33:58","date_gmt":"2018-10-09T13:33:58","guid":{"rendered":"https:\/\/jusprev.org.br\/backup\/?p=11092"},"modified":"2018-10-09T10:33:58","modified_gmt":"2018-10-09T13:33:58","slug":"amatra-21-e-a-nova-instituidora-da-jusprev","status":"publish","type":"post","link":"https:\/\/jusprev.org.br\/backup\/amatra-21-e-a-nova-instituidora-da-jusprev\/","title":{"rendered":"AMATRA 21 \u00e9 a nova Instituidora da JUSPREV"},"content":{"rendered":"<p><img loading=\"lazy\" decoding=\"async\" src=\"https:\/\/jusprev.org.br\/backup\/wp-content\/uploads\/2018\/10\/Amatra-21-Associa\u00e7\u00e3o-dos-Magistrados-do-Trabalho-da-21-Regi\u00e3o-300x148.jpeg\" alt=\"Amatra 21 - Associa\u00e7\u00e3o dos Magistrados do Trabalho da 21 Regi\u00e3o\" width=\"300\" height=\"148\" class=\"aligncenter size-medium wp-image-11093\" \/><\/p>\n<p>A Associa\u00e7\u00e3o dos Magistrados do Trabalho da 21\u00aa Regi\u00e3o (AMATRA 21) \u00e9 a nova Instituidora da JUSPREV. A Associa\u00e7\u00e3o passou a integrar o Col\u00e9gio de Instituidoras da Entidade, que \u00e9 composto por mais 70 Associa\u00e7\u00f5es de Carreiras Jur\u00eddicas P\u00fablicas e de Auditoria Fiscal do Brasil. A aprova\u00e7\u00e3o como Instituidora \u00e9 concedida pela PREVIC, que \u00e9 a Superintend\u00eancia Nacional de Previd\u00eancia Complementar.   <\/p>\n<p>Com a ades\u00e3o, a AMATRA 21 j\u00e1 pode oferecer mais este benef\u00edcio para seus associados: uma aposentadoria segura e tranquila. O plano de benef\u00edcios previdenci\u00e1rios da JUSPREV, denominado PLANJUS, possui quatro tipos de Renda: a Renda Mensal Programada, a Renda Mensal Educacional, Renda Mensal por Morte e Renda Mensal por Invalidez. <\/p>\n<p>A AMATRA 21 foi fundada em 31 de julho de 1992, em Natal, Rio Grande do Norte, e tem como objetivo congregar os magistrados do trabalho que atuam junto \u00e0 21\u00aa regi\u00e3o em torno dos seus interesses comuns, cuidando dos direitos, dos interesses e das reivindica\u00e7\u00f5es da classe perante os poderes constitu\u00eddos a terceiros, promovendo entre eles maior aproxima\u00e7\u00e3o, coopera\u00e7\u00e3o e solidariedade. <\/p>\n<p><a href=\"http:\/\/www.amatra21.org.br\/2017\/\" target=\"_blank\">Saiba mais<\/a> sobre a AMATRA 21.<\/p>\n","protected":false},"excerpt":{"rendered":"<p>A Associa\u00e7\u00e3o dos Magistrados do Trabalho da 21\u00aa Regi\u00e3o (AMATRA 21) \u00e9 a nova Instituidora da JUSPREV. A Associa\u00e7\u00e3o passou a integrar o Col\u00e9gio de Instituidoras da Entidade, que \u00e9&#8230;<\/p>\n","protected":false},"author":3,"featured_media":0,"comment_status":"closed","ping_status":"closed","sticky":false,"template":"","format":"standard","meta":{"footnotes":""},"categories":[31],"tags":[],"class_list":["post-11092","post","type-post","status-publish","format-standard","hentry","category-noticias"],"_links":{"self":[{"href":"https:\/\/jusprev.org.br\/backup\/wp-json\/wp\/v2\/posts\/11092","targetHints":{"allow":["GET"]}}],"collection":[{"href":"https:\/\/jusprev.org.br\/backup\/wp-json\/wp\/v2\/posts"}],"about":[{"href":"https:\/\/jusprev.org.br\/backup\/wp-json\/wp\/v2\/types\/post"}],"author":[{"embeddable":true,"href":"https:\/\/jusprev.org.br\/backup\/wp-json\/wp\/v2\/users\/3"}],"replies":[{"embeddable":true,"href":"https:\/\/jusprev.org.br\/backup\/wp-json\/wp\/v2\/comments?post=11092"}],"version-history":[{"count":0,"href":"https:\/\/jusprev.org.br\/backup\/wp-json\/wp\/v2\/posts\/11092\/revisions"}],"wp:attachment":[{"href":"https:\/\/jusprev.org.br\/backup\/wp-json\/wp\/v2\/media?parent=11092"}],"wp:term":[{"taxonomy":"category","embeddable":true,"href":"https:\/\/jusprev.org.br\/backup\/wp-json\/wp\/v2\/categories?post=11092"},{"taxonomy":"post_tag","embeddable":true,"href":"https:\/\/jusprev.org.br\/backup\/wp-json\/wp\/v2\/tags?post=11092"}],"curies":[{"name":"wp","href":"https:\/\/api.w.org\/{rel}","templated":true}]}}