{"id":11149,"date":"2018-10-30T17:58:49","date_gmt":"2018-10-30T19:58:49","guid":{"rendered":"https:\/\/jusprev.org.br\/backup\/?p=11149"},"modified":"2018-10-30T17:58:49","modified_gmt":"2018-10-30T19:58:49","slug":"vantagens-de-realizar-aportes","status":"publish","type":"post","link":"https:\/\/jusprev.org.br\/backup\/vantagens-de-realizar-aportes\/","title":{"rendered":"Conhe\u00e7a as vantagens de realizar aportes"},"content":{"rendered":"<p><img loading=\"lazy\" decoding=\"async\" class=\"alignleft size-full wp-image-11150\" src=\"https:\/\/jusprev.org.br\/backup\/wp-content\/uploads\/2018\/10\/Banner-Site.png\" alt=\"Banner Site\" width=\"970\" height=\"250\" \/><\/p>\n<p>Os aportes s\u00e3o contribui\u00e7\u00f5es espor\u00e1dicas, que podem ser feitas a qualquer tempo e aumentam o saldo da conta individual do participante da JUSPREV no PLANJUS!\u00a0Al\u00e9m disso, \u00e9 poss\u00edvel diminuir a base de c\u00e1lculo para o Imposto de Renda, aumentando o valor de restitui\u00e7\u00e3o at\u00e9 o limite total de 12% da renda bruta anual.<\/p>\n<p>Para obter a dedu\u00e7\u00e3o na sua pr\u00f3xima declara\u00e7\u00e3o de Imposto de Renda, os aportes devem ser feitos at\u00e9 o dia <strong>26 de dezembro de 2018.<\/strong><\/p>\n<p>\u00c9 poss\u00edvel fazer aportes imprimindo um boleto no <a href=\"https:\/\/www.meufuturo.net.br\/jusprev\/\">Portal Meu Futuro<\/a>, mandando um e-mail ou ligando para a nossa Central de Relacionamento com o Participante no <a href=\"mailto:relacionamento@jusprev.org.br\">relacionamento@jusprev.org.br<\/a>, 0800 052 3434.<\/p>\n<p>Fa\u00e7a uma simula\u00e7\u00e3o da dedu\u00e7\u00e3o do seu IR <a href=\"https:\/\/www.meufuturo.net.br\/simulador\/ir\/jusprev\">aqui.\u00a0<\/a><\/p>\n<p><strong>Ficou alguma d\u00favida? <\/strong>Solicite uma consultoria personalizada: 0800 052 3434.<\/p>\n<p>&nbsp;<\/p>\n","protected":false},"excerpt":{"rendered":"<p>Os aportes s\u00e3o contribui\u00e7\u00f5es espor\u00e1dicas, que podem ser feitas a qualquer tempo e aumentam o saldo da conta individual do participante da JUSPREV no PLANJUS!\u00a0Al\u00e9m disso, \u00e9 poss\u00edvel diminuir a&#8230;<\/p>\n","protected":false},"author":3,"featured_media":0,"comment_status":"closed","ping_status":"closed","sticky":false,"template":"","format":"standard","meta":{"footnotes":""},"categories":[31],"tags":[],"class_list":["post-11149","post","type-post","status-publish","format-standard","hentry","category-noticias"],"_links":{"self":[{"href":"https:\/\/jusprev.org.br\/backup\/wp-json\/wp\/v2\/posts\/11149","targetHints":{"allow":["GET"]}}],"collection":[{"href":"https:\/\/jusprev.org.br\/backup\/wp-json\/wp\/v2\/posts"}],"about":[{"href":"https:\/\/jusprev.org.br\/backup\/wp-json\/wp\/v2\/types\/post"}],"author":[{"embeddable":true,"href":"https:\/\/jusprev.org.br\/backup\/wp-json\/wp\/v2\/users\/3"}],"replies":[{"embeddable":true,"href":"https:\/\/jusprev.org.br\/backup\/wp-json\/wp\/v2\/comments?post=11149"}],"version-history":[{"count":0,"href":"https:\/\/jusprev.org.br\/backup\/wp-json\/wp\/v2\/posts\/11149\/revisions"}],"wp:attachment":[{"href":"https:\/\/jusprev.org.br\/backup\/wp-json\/wp\/v2\/media?parent=11149"}],"wp:term":[{"taxonomy":"category","embeddable":true,"href":"https:\/\/jusprev.org.br\/backup\/wp-json\/wp\/v2\/categories?post=11149"},{"taxonomy":"post_tag","embeddable":true,"href":"https:\/\/jusprev.org.br\/backup\/wp-json\/wp\/v2\/tags?post=11149"}],"curies":[{"name":"wp","href":"https:\/\/api.w.org\/{rel}","templated":true}]}}