{"id":11155,"date":"2018-10-31T15:38:55","date_gmt":"2018-10-31T17:38:55","guid":{"rendered":"https:\/\/jusprev.org.br\/backup\/?p=11155"},"modified":"2018-10-31T15:38:55","modified_gmt":"2018-10-31T17:38:55","slug":"amatra-6-e-aprovada-pela-previc-como-instituidora-da-jusprev","status":"publish","type":"post","link":"https:\/\/jusprev.org.br\/backup\/amatra-6-e-aprovada-pela-previc-como-instituidora-da-jusprev\/","title":{"rendered":"AMATRA 6 \u00e9 aprovada pela Previc como Instituidora da JUSPREV"},"content":{"rendered":"<p><img loading=\"lazy\" decoding=\"async\" class=\"aligncenter size-medium wp-image-11156\" src=\"https:\/\/jusprev.org.br\/backup\/wp-content\/uploads\/2018\/10\/amatra6_logo-300x126.jpg\" alt=\"amatra6_logo\" width=\"300\" height=\"126\" \/><\/p>\n<p>&nbsp;<\/p>\n<p>A JUSPREV tem grande satisfa\u00e7\u00e3o em comunicar que a <strong>Associa\u00e7\u00e3o dos Magistrados Da Justi\u00e7a do Trabalho da 6\u00aa Regi\u00e3o<\/strong> (Amatra VI) \u00a0foi aprovada pela Superintend\u00eancia Nacional de Previd\u00eancia Complementar (Previc) \u00a0como Instituidora JUSPREV.<\/p>\n<p>A Amatra 6 passou a integrar o Col\u00e9gio de Instituidoras, que \u00e9 composto por mais de 70 Entidades. Com a ades\u00e3o, a Amatra 6 j\u00e1 pode oferecer o plano de benef\u00edcios previdenci\u00e1rios da JUSPREV, o PLANJUS, para todos os seus associados.<\/p>\n<p>A Associa\u00e7\u00e3o dos Magistrados da Justi\u00e7a do Trabalho da 6\u00aa Regi\u00e3o (Amatra VI) \u00e9 uma entidade representativa dos ju\u00edzes do Trabalho de Pernambuco, congregando-os em torno de interesses comuns. Atua em defesa das prerrogativas da categoria, da Justi\u00e7a Social e da democracia, al\u00e9m de promover uma maior aproxima\u00e7\u00e3o com a sociedade.<\/p>\n<p>\u00c9 uma das mais antigas e atuantes entidades de classe da Magistratura em todo o pa\u00eds, tendo participado ativamente de Importantes conquistas para a sociedade, como o combate ao nepotismo e o fim da representa\u00e7\u00e3o classista nos \u00f3rg\u00e3os da Justi\u00e7a do Trabalho, bem como desenvolve a\u00e7\u00f5es de combate ao trabalho escravo, ao trabalho infantil e condi\u00e7\u00f5es degradantes de trabalho.<\/p>\n","protected":false},"excerpt":{"rendered":"<p>&nbsp; A JUSPREV tem grande satisfa\u00e7\u00e3o em comunicar que a Associa\u00e7\u00e3o dos Magistrados Da Justi\u00e7a do Trabalho da 6\u00aa Regi\u00e3o (Amatra VI) \u00a0foi aprovada pela Superintend\u00eancia Nacional de Previd\u00eancia Complementar&#8230;<\/p>\n","protected":false},"author":3,"featured_media":0,"comment_status":"closed","ping_status":"closed","sticky":false,"template":"","format":"standard","meta":{"footnotes":""},"categories":[31],"tags":[],"class_list":["post-11155","post","type-post","status-publish","format-standard","hentry","category-noticias"],"_links":{"self":[{"href":"https:\/\/jusprev.org.br\/backup\/wp-json\/wp\/v2\/posts\/11155","targetHints":{"allow":["GET"]}}],"collection":[{"href":"https:\/\/jusprev.org.br\/backup\/wp-json\/wp\/v2\/posts"}],"about":[{"href":"https:\/\/jusprev.org.br\/backup\/wp-json\/wp\/v2\/types\/post"}],"author":[{"embeddable":true,"href":"https:\/\/jusprev.org.br\/backup\/wp-json\/wp\/v2\/users\/3"}],"replies":[{"embeddable":true,"href":"https:\/\/jusprev.org.br\/backup\/wp-json\/wp\/v2\/comments?post=11155"}],"version-history":[{"count":0,"href":"https:\/\/jusprev.org.br\/backup\/wp-json\/wp\/v2\/posts\/11155\/revisions"}],"wp:attachment":[{"href":"https:\/\/jusprev.org.br\/backup\/wp-json\/wp\/v2\/media?parent=11155"}],"wp:term":[{"taxonomy":"category","embeddable":true,"href":"https:\/\/jusprev.org.br\/backup\/wp-json\/wp\/v2\/categories?post=11155"},{"taxonomy":"post_tag","embeddable":true,"href":"https:\/\/jusprev.org.br\/backup\/wp-json\/wp\/v2\/tags?post=11155"}],"curies":[{"name":"wp","href":"https:\/\/api.w.org\/{rel}","templated":true}]}}