{"id":11194,"date":"2018-11-26T13:57:01","date_gmt":"2018-11-26T15:57:01","guid":{"rendered":"https:\/\/jusprev.org.br\/backup\/?p=11194"},"modified":"2018-11-26T13:57:01","modified_gmt":"2018-11-26T15:57:01","slug":"por-que-e-importante-ter-um-plano-completo-na-jusprev","status":"publish","type":"post","link":"https:\/\/jusprev.org.br\/backup\/por-que-e-importante-ter-um-plano-completo-na-jusprev\/","title":{"rendered":"Por que \u00e9 importante ter um plano completo na JUSPREV?"},"content":{"rendered":"<p><img loading=\"lazy\" decoding=\"async\" src=\"https:\/\/jusprev.org.br\/backup\/wp-content\/uploads\/2018\/11\/student-849825_960_720-300x200.jpg\" alt=\"student-849825_960_720\" width=\"300\" height=\"200\" class=\"aligncenter size-medium wp-image-11195\" \/><\/p>\n<p>O plano de benef\u00edcios previdenci\u00e1rios da JUSPREV, o PLANJUS, n\u00e3o possui apenas o benef\u00edcio da aposentadoria (Renda Mensal Programada). Ao fazer parte da JUSPREV, o participante pode optar por mais tr\u00eas benef\u00edcios: Renda Mensal por Morte, Renda Mensal por Invalidez e Renda Mensal Educacional. Assim, familiares e benefici\u00e1rios tamb\u00e9m estar\u00e3o protegidos em caso de alguma fatalidade, como morte ou invalidez total e permanente. \u00c9 poss\u00edvel ainda garantir os estudos de filhos(as), netos(as), ou qualquer outro benefici\u00e1rio de livre escolha com a renda educacional. <\/p>\n<p>Ao aderir \u00e0 Renda Mensal por Morte ou Renda Mensal por Invalidez, no caso de alguma fatalidade, os valores do benef\u00edcio contratado s\u00e3o incorporados ao benef\u00edcio da aposentadoria e passam a integrar a renda que ser\u00e1 recebida pelos benefici\u00e1rios. Vamos imaginar que o saldo da aposentadoria de um participante na JUSPREV esteja em 200 mil reais. E ele fez a ades\u00e3o \u00e0 Renda Mensal por Morte e\/ou Invalidez, com um valor segurado de 800 mil reais para cada. <\/p>\n<p>No caso de algum sinistro, o valor de 800 mil reais por Morte ou por Invalidez soma-se ao valor de 200 mil reais. Ou seja, o benefici\u00e1rio ir\u00e1 receber o valor de 1 milh\u00e3o de reais, em formato de renda, em uma das tr\u00eas formas que optar: prazo determinado, prazo indeterminado ou percentual por saldo de conta. <\/p>\n<p>O participante poder\u00e1 optar pelas duas coberturas de risco ao mesmo tempo (Morte e Invalidez), ou poder\u00e1 aderir a uma delas, conforme a necessidade. Vale lembrar que o valor mensal pago para essas duas rendas (Mensal ou por Invalidez) n\u00e3o s\u00e3o resgat\u00e1veis e nem acumulam com o saldo da aposentadoria do participante.<\/p>\n<p>A Renda Mensal Educacional foi criada para garantir os estudos de um benefici\u00e1rio de livre escolha do participante. Quando o benefici\u00e1rio chegar na faculdade, ter\u00e1 uma renda para apoiar seus estudos, que pode ser usada para custear o ensino ou at\u00e9 mesmo para se manter ao longo do curso. E caso isso n\u00e3o aconte\u00e7a? O saldo acumulado passar\u00e1 para a conta individual do participante, sem nenhuma perda do investimento.<br \/>\n<strong><br \/>\nImposto de Renda<\/strong><\/p>\n<p>\u00c9 importante destacar que o participante poder\u00e1 deduzir at\u00e9 12% da base de c\u00e1lculo do Imposto de Renda e que todas as coberturas (Renda Mensal Programada, Renda Mensal Educacional, Renda Mensal por Morte e Renda Mensal por Invalidez) contam para essa dedu\u00e7\u00e3o.<br \/>\nPara aderir ao plano completo, fale com um de nossos consultores na sua regi\u00e3o. Envie um e-mail para consultoria@jusprev.org.br ou entre em contato pelo 0800 052 3434.  <\/p>\n","protected":false},"excerpt":{"rendered":"<p>O plano de benef\u00edcios previdenci\u00e1rios da JUSPREV, o PLANJUS, n\u00e3o possui apenas o benef\u00edcio da aposentadoria (Renda Mensal Programada). Ao fazer parte da JUSPREV, o participante pode optar por mais&#8230;<\/p>\n","protected":false},"author":3,"featured_media":0,"comment_status":"closed","ping_status":"closed","sticky":false,"template":"","format":"standard","meta":{"footnotes":""},"categories":[31],"tags":[],"class_list":["post-11194","post","type-post","status-publish","format-standard","hentry","category-noticias"],"_links":{"self":[{"href":"https:\/\/jusprev.org.br\/backup\/wp-json\/wp\/v2\/posts\/11194","targetHints":{"allow":["GET"]}}],"collection":[{"href":"https:\/\/jusprev.org.br\/backup\/wp-json\/wp\/v2\/posts"}],"about":[{"href":"https:\/\/jusprev.org.br\/backup\/wp-json\/wp\/v2\/types\/post"}],"author":[{"embeddable":true,"href":"https:\/\/jusprev.org.br\/backup\/wp-json\/wp\/v2\/users\/3"}],"replies":[{"embeddable":true,"href":"https:\/\/jusprev.org.br\/backup\/wp-json\/wp\/v2\/comments?post=11194"}],"version-history":[{"count":0,"href":"https:\/\/jusprev.org.br\/backup\/wp-json\/wp\/v2\/posts\/11194\/revisions"}],"wp:attachment":[{"href":"https:\/\/jusprev.org.br\/backup\/wp-json\/wp\/v2\/media?parent=11194"}],"wp:term":[{"taxonomy":"category","embeddable":true,"href":"https:\/\/jusprev.org.br\/backup\/wp-json\/wp\/v2\/categories?post=11194"},{"taxonomy":"post_tag","embeddable":true,"href":"https:\/\/jusprev.org.br\/backup\/wp-json\/wp\/v2\/tags?post=11194"}],"curies":[{"name":"wp","href":"https:\/\/api.w.org\/{rel}","templated":true}]}}