{"id":11228,"date":"2018-12-06T09:52:49","date_gmt":"2018-12-06T11:52:49","guid":{"rendered":"https:\/\/jusprev.org.br\/backup\/?p=11228"},"modified":"2018-12-06T09:52:49","modified_gmt":"2018-12-06T11:52:49","slug":"jusprev-completa-11-anos-neste-dia-06-de-dezembro","status":"publish","type":"post","link":"https:\/\/jusprev.org.br\/backup\/jusprev-completa-11-anos-neste-dia-06-de-dezembro\/","title":{"rendered":"JUSPREV completa 11 anos neste dia 06 de dezembro"},"content":{"rendered":"<p><em>A Entidade \u00e9 a maior uni\u00e3o formal de Associa\u00e7\u00f5es de Carreiras P\u00fablicas do pa\u00eds para oferecer uma aposentadoria segura e tranquila para seus participantes<\/em><\/p>\n<p><strong><img loading=\"lazy\" decoding=\"async\" class=\"aligncenter size-large wp-image-11229\" src=\"https:\/\/jusprev.org.br\/backup\/wp-content\/uploads\/2018\/12\/Linkedin-1024x536.png\" alt=\"Linkedin\" width=\"926\" height=\"485\" \/><\/strong><\/p>\n<p>A<strong> Previd\u00eancia Associativa do Minist\u00e9rio P\u00fablico, da Justi\u00e7a Brasileira e dos Auditores Fiscais da Receita Federal do Brasil<\/strong> completa 11 anos neste dia 06 de dezembro. Com mais de uma d\u00e9cada de exist\u00eancia, a Entidade administra patrim\u00f4nio de mais de 230 milh\u00f5es em ativos.<\/p>\n<p>\u00c9 atualmente a maior uni\u00e3o formal de associa\u00e7\u00f5es de carreiras p\u00fablicas do pa\u00eds, com mais de 70 Associa\u00e7\u00f5es compondo o seu Col\u00e9gio de Instituidoras. S\u00e3o entidades que representam membros do Minist\u00e9rio P\u00fablico, Magistratura, Advogados P\u00fablicos Federais, Procuradores, Auditores Fiscais da Receita Federal do Brasil, entre outras carreiras p\u00fablicas.<\/p>\n<p>Com abrang\u00eancia nacional, a JUSPREV possui mais de 3 mil participantes em todo o pa\u00eds e equipe pr\u00f3pria de consultores previdenci\u00e1rios, tendo desenvolvido seu pr\u00f3prio sistema de gest\u00e3o B.I (Business Intelligence) com o objetivo de integrar, alinhar e aprimorar a consolida\u00e7\u00e3o de informa\u00e7\u00f5es estrat\u00e9gicas.<\/p>\n<p>A ferramenta possibilita o mapeamento de informa\u00e7\u00f5es por regi\u00e3o, participantes por instituidoras, tipos de plano, al\u00e9m de gr\u00e1ficos e filtros din\u00e2micos diversos, muito utilizados pela Diretoria e outras \u00e1reas, como a Central de Relacionamento com o Participante e Comunica\u00e7\u00e3o.<\/p>\n<p>Al\u00e9m desse sistema, a JUSPREV tamb\u00e9m desenvolveu seu pr\u00f3prio CRM, com informa\u00e7\u00f5es consolidadas sobre as consultorias realizadas em todo o pa\u00eds. \u201cPor meio da gest\u00e3o de dados, a JUSPREV visa a estabelecer a excel\u00eancia em atendimento em todo o pa\u00eds. Estamos atentos a essas plataformas para poder aprimorar sempre o nosso trabalho e o relacionamento com os nossos participantes\u201d, destaca a gerente da Entidade, Deborah Maggio.<\/p>\n<p>A JUSPREV \u00e9 administrada pelos pr\u00f3prios participantes que integram os \u00f3rg\u00e3os colegiados da Entidade e elegem, junto \u00e0s Associa\u00e7\u00f5es Instituidoras, os integrantes desses \u00f3rg\u00e3os.<\/p>\n","protected":false},"excerpt":{"rendered":"<p>A Entidade \u00e9 a maior uni\u00e3o formal de Associa\u00e7\u00f5es de Carreiras P\u00fablicas do pa\u00eds para oferecer uma aposentadoria segura e tranquila para seus participantes A Previd\u00eancia Associativa do Minist\u00e9rio P\u00fablico,&#8230;<\/p>\n","protected":false},"author":3,"featured_media":0,"comment_status":"closed","ping_status":"closed","sticky":false,"template":"","format":"standard","meta":{"footnotes":""},"categories":[31],"tags":[],"class_list":["post-11228","post","type-post","status-publish","format-standard","hentry","category-noticias"],"_links":{"self":[{"href":"https:\/\/jusprev.org.br\/backup\/wp-json\/wp\/v2\/posts\/11228","targetHints":{"allow":["GET"]}}],"collection":[{"href":"https:\/\/jusprev.org.br\/backup\/wp-json\/wp\/v2\/posts"}],"about":[{"href":"https:\/\/jusprev.org.br\/backup\/wp-json\/wp\/v2\/types\/post"}],"author":[{"embeddable":true,"href":"https:\/\/jusprev.org.br\/backup\/wp-json\/wp\/v2\/users\/3"}],"replies":[{"embeddable":true,"href":"https:\/\/jusprev.org.br\/backup\/wp-json\/wp\/v2\/comments?post=11228"}],"version-history":[{"count":0,"href":"https:\/\/jusprev.org.br\/backup\/wp-json\/wp\/v2\/posts\/11228\/revisions"}],"wp:attachment":[{"href":"https:\/\/jusprev.org.br\/backup\/wp-json\/wp\/v2\/media?parent=11228"}],"wp:term":[{"taxonomy":"category","embeddable":true,"href":"https:\/\/jusprev.org.br\/backup\/wp-json\/wp\/v2\/categories?post=11228"},{"taxonomy":"post_tag","embeddable":true,"href":"https:\/\/jusprev.org.br\/backup\/wp-json\/wp\/v2\/tags?post=11228"}],"curies":[{"name":"wp","href":"https:\/\/api.w.org\/{rel}","templated":true}]}}