{"id":11234,"date":"2018-12-07T14:36:13","date_gmt":"2018-12-07T16:36:13","guid":{"rendered":"https:\/\/jusprev.org.br\/backup\/?p=11234"},"modified":"2018-12-07T14:36:13","modified_gmt":"2018-12-07T16:36:13","slug":"amarn-e-apepa-sao-aprovadas-como-associacoes-instituidoras-da-jusprev","status":"publish","type":"post","link":"https:\/\/jusprev.org.br\/backup\/amarn-e-apepa-sao-aprovadas-como-associacoes-instituidoras-da-jusprev\/","title":{"rendered":"AMARN e APEPA s\u00e3o aprovadas como Associa\u00e7\u00f5es Instituidoras da JUSPREV"},"content":{"rendered":"<p><em>Associados e familiares das institui\u00e7\u00f5es j\u00e1 podem aderir ao plano de benef\u00edcios previdenci\u00e1rios da JUSPREV<\/em><\/p>\n<p>&nbsp;<\/p>\n<p>A <strong>Associa\u00e7\u00e3o dos Magistrados do Rio Grande do Norte (AMARN)<\/strong> e a <strong>Associa\u00e7\u00e3o de Procuradores do Estado do Par\u00e1 (APEPA)<\/strong> s\u00e3o as novas Instituidoras da JUSPREV. As entidades foram aprovadas para compor o Col\u00e9gio de Instituidoras da JUSPREV, que\u00a0conta com mais de 70 Associa\u00e7\u00f5es de Carreiras P\u00fablicas do pa\u00eds. A avalia\u00e7\u00e3o \u00e9 realizada pela Superintend\u00eancia Nacional de Previd\u00eancia Complementar \u2013 PREVIC.<\/p>\n<p>A APEPA \u00e9 destinada \u00e0 defesa dos interesses de classe dos procuradores do Estado do Par\u00e1. Tem a miss\u00e3o de defender e promover a categoria no servi\u00e7o p\u00fablico e no \u00e2mbito profissional, al\u00e9m de valorizar a carreira e as vit\u00f3rias conquistadas pelos procuradores paraenses. Conhe\u00e7a mais sobre a Associa\u00e7\u00e3o &#8211; <a href=\"http:\/\/procuradorespara.org\/\">http:\/\/procuradorespara.org\/<\/a>.<\/p>\n<p>A AMARN tem como objetivo defender os interesses da magistratura norteriograndense, promover simp\u00f3sios, congressos, estudos jur\u00eddicos e sociol\u00f3gicos, confer\u00eancias, prestar aux\u00edlio e benef\u00edcios a seus associados, promover reuni\u00f5es de confraterniza\u00e7\u00e3o e atividades de car\u00e1ter recreativo, representar os associados jur\u00eddica e extrajuridicamente na defesa de seus direitos e interesses, manter um servi\u00e7o de informa\u00e7\u00e3o e assist\u00eancia profissional a seus associados. Conhe\u00e7a mais sobre a Associa\u00e7\u00e3o &#8211; <a href=\"http:\/\/www.amarn.com.br\/\">http:\/\/www.amarn.com.br\/<\/a>.<\/p>\n<p>&nbsp;<\/p>\n<p><img loading=\"lazy\" decoding=\"async\" class=\"aligncenter size-medium wp-image-11235\" src=\"https:\/\/jusprev.org.br\/backup\/wp-content\/uploads\/2018\/12\/APEPA-300x81.png\" alt=\"APEPA\" width=\"300\" height=\"81\" \/><\/p>\n<p><img loading=\"lazy\" decoding=\"async\" class=\"aligncenter size-medium wp-image-11236\" src=\"https:\/\/jusprev.org.br\/backup\/wp-content\/uploads\/2018\/12\/AMARN-300x300.jpg\" alt=\"AMARN\" width=\"300\" height=\"300\" \/><\/p>\n","protected":false},"excerpt":{"rendered":"<p>Associados e familiares das institui\u00e7\u00f5es j\u00e1 podem aderir ao plano de benef\u00edcios previdenci\u00e1rios da JUSPREV &nbsp; A Associa\u00e7\u00e3o dos Magistrados do Rio Grande do Norte (AMARN) e a Associa\u00e7\u00e3o de&#8230;<\/p>\n","protected":false},"author":3,"featured_media":0,"comment_status":"closed","ping_status":"closed","sticky":false,"template":"","format":"standard","meta":{"footnotes":""},"categories":[31],"tags":[],"class_list":["post-11234","post","type-post","status-publish","format-standard","hentry","category-noticias"],"_links":{"self":[{"href":"https:\/\/jusprev.org.br\/backup\/wp-json\/wp\/v2\/posts\/11234","targetHints":{"allow":["GET"]}}],"collection":[{"href":"https:\/\/jusprev.org.br\/backup\/wp-json\/wp\/v2\/posts"}],"about":[{"href":"https:\/\/jusprev.org.br\/backup\/wp-json\/wp\/v2\/types\/post"}],"author":[{"embeddable":true,"href":"https:\/\/jusprev.org.br\/backup\/wp-json\/wp\/v2\/users\/3"}],"replies":[{"embeddable":true,"href":"https:\/\/jusprev.org.br\/backup\/wp-json\/wp\/v2\/comments?post=11234"}],"version-history":[{"count":0,"href":"https:\/\/jusprev.org.br\/backup\/wp-json\/wp\/v2\/posts\/11234\/revisions"}],"wp:attachment":[{"href":"https:\/\/jusprev.org.br\/backup\/wp-json\/wp\/v2\/media?parent=11234"}],"wp:term":[{"taxonomy":"category","embeddable":true,"href":"https:\/\/jusprev.org.br\/backup\/wp-json\/wp\/v2\/categories?post=11234"},{"taxonomy":"post_tag","embeddable":true,"href":"https:\/\/jusprev.org.br\/backup\/wp-json\/wp\/v2\/tags?post=11234"}],"curies":[{"name":"wp","href":"https:\/\/api.w.org\/{rel}","templated":true}]}}