{"id":11265,"date":"2018-12-21T14:45:05","date_gmt":"2018-12-21T16:45:05","guid":{"rendered":"https:\/\/jusprev.org.br\/backup\/?p=11265"},"modified":"2018-12-21T14:45:05","modified_gmt":"2018-12-21T16:45:05","slug":"a-jusprev-deseja-boas-festas-confira-o-horario-de-atendimento-no-periodo-de-natal-e-ano-novo","status":"publish","type":"post","link":"https:\/\/jusprev.org.br\/backup\/a-jusprev-deseja-boas-festas-confira-o-horario-de-atendimento-no-periodo-de-natal-e-ano-novo\/","title":{"rendered":"A JUSPREV deseja Boas Festas! Confira o hor\u00e1rio de atendimento no per\u00edodo de Natal e Ano Novo"},"content":{"rendered":"<p>Prezados participantes e assistidos,<\/p>\n<p>Informamos que nos dias <strong>24 e 25\/12<\/strong> e <strong>31\/12 e 01\/01\/19<\/strong> <strong>n\u00e3o haver\u00e1 expediente na JUSPREV<\/strong>.<\/p>\n<p>O hor\u00e1rio de atendimento nos demais dias (26, 27 e 28 de dezembro) ser\u00e1 realizado normalmente, no per\u00edodo das 8h30 \u00e0s 18h00.<\/p>\n<p><strong>A JUSPREV deseja um FELIZ NATAL e um PR\u00d3SPERO ANO NOVO para todos!<\/strong><\/p>\n<p>Boas Festas!<\/p>\n<p><img loading=\"lazy\" decoding=\"async\" class=\"alignleft size-large wp-image-11266\" src=\"https:\/\/jusprev.org.br\/backup\/wp-content\/uploads\/2018\/12\/emkt-100-576x1024.jpg\" alt=\"emkt-100\" width=\"576\" height=\"1024\" \/><\/p>\n","protected":false},"excerpt":{"rendered":"<p>Prezados participantes e assistidos, Informamos que nos dias 24 e 25\/12 e 31\/12 e 01\/01\/19 n\u00e3o haver\u00e1 expediente na JUSPREV. O hor\u00e1rio de atendimento nos demais dias (26, 27 e&#8230;<\/p>\n","protected":false},"author":3,"featured_media":0,"comment_status":"closed","ping_status":"closed","sticky":false,"template":"","format":"standard","meta":{"footnotes":""},"categories":[31],"tags":[],"class_list":["post-11265","post","type-post","status-publish","format-standard","hentry","category-noticias"],"_links":{"self":[{"href":"https:\/\/jusprev.org.br\/backup\/wp-json\/wp\/v2\/posts\/11265","targetHints":{"allow":["GET"]}}],"collection":[{"href":"https:\/\/jusprev.org.br\/backup\/wp-json\/wp\/v2\/posts"}],"about":[{"href":"https:\/\/jusprev.org.br\/backup\/wp-json\/wp\/v2\/types\/post"}],"author":[{"embeddable":true,"href":"https:\/\/jusprev.org.br\/backup\/wp-json\/wp\/v2\/users\/3"}],"replies":[{"embeddable":true,"href":"https:\/\/jusprev.org.br\/backup\/wp-json\/wp\/v2\/comments?post=11265"}],"version-history":[{"count":0,"href":"https:\/\/jusprev.org.br\/backup\/wp-json\/wp\/v2\/posts\/11265\/revisions"}],"wp:attachment":[{"href":"https:\/\/jusprev.org.br\/backup\/wp-json\/wp\/v2\/media?parent=11265"}],"wp:term":[{"taxonomy":"category","embeddable":true,"href":"https:\/\/jusprev.org.br\/backup\/wp-json\/wp\/v2\/categories?post=11265"},{"taxonomy":"post_tag","embeddable":true,"href":"https:\/\/jusprev.org.br\/backup\/wp-json\/wp\/v2\/tags?post=11265"}],"curies":[{"name":"wp","href":"https:\/\/api.w.org\/{rel}","templated":true}]}}