{"id":11286,"date":"2019-01-02T13:30:05","date_gmt":"2019-01-02T15:30:05","guid":{"rendered":"https:\/\/jusprev.org.br\/backup\/?p=11286"},"modified":"2019-01-02T13:30:05","modified_gmt":"2019-01-02T15:30:05","slug":"participante-confira-a-mensagem-da-diretoria","status":"publish","type":"post","link":"https:\/\/jusprev.org.br\/backup\/participante-confira-a-mensagem-da-diretoria\/","title":{"rendered":"Participante, confira a Mensagem da Diretoria 2019"},"content":{"rendered":"<p style=\"font-weight: 400;\"><img loading=\"lazy\" decoding=\"async\" class=\"wp-image-11287 aligncenter\" src=\"https:\/\/jusprev.org.br\/backup\/wp-content\/uploads\/2018\/12\/mensagem_site.jpg\" alt=\"mensagem_site\" width=\"496\" height=\"476\" \/><\/p>\n<p style=\"font-weight: 400;\">Iniciamos esta mensagem expressando nossa gratid\u00e3o e reconhecimento aos participantes e assistidos da JUSPREV, pela confian\u00e7a depositada diariamente na entidade e na sua gest\u00e3o, \u00e0s Associa\u00e7\u00f5es Instituidoras, seus Presidentes e\u00a0Diretores, pelo apoio, parceria e por acreditarem que a JUSPREV \u00e9 a melhor op\u00e7\u00e3o aos seus associados. Aos Membros que comp\u00f5em os \u00d3rg\u00e3os Colegiados da JUSPREV, nosso especial agradecimento por dedicarem seu valioso tempo para estarem contribuindo particularmente para o desenvolvimento de nossa entidade, avaliando e deliberando sobre assuntos de extrema relev\u00e2ncia, sempre em busca dos melhores resultados para os participantes.<\/p>\n<p style=\"font-weight: 400;\">Em mais um ano a JUSPREV brilhou no Sistema de Previd\u00eancia Complementar, apresentando em 2018 resultados ainda mais expressivos que nos anos anteriores, demostrados atrav\u00e9s do crescimento do n\u00famero de participantes e de instituidoras, de valores advindos de aportes e de portabilidades.<\/p>\n<p style=\"font-weight: 400;\">O PLANJUS, plano de benef\u00edcios previdenci\u00e1rios da JUSPREV, ultrapassou a marca\u00a0<strong>dos 230 milh\u00f5es<\/strong>\u00a0em patrim\u00f4nio administrado. A Entidade completou\u00a0<strong>11 anos de funcionamento<\/strong>, com recorde em portabilidades, somando mais de 12 milh\u00f5es ao longo do ano.<\/p>\n<p style=\"font-weight: 400;\">O Col\u00e9gio de Instituidoras da JUSPREV, formado por Associa\u00e7\u00f5es de Carreiras Jur\u00eddicas P\u00fablicas e de Auditoria Fiscal da Receita Federal do Brasil, conta hoje com mais de 70 instituidoras, quase\u00a0<strong>30% de crescimento se comparado ao ano anterior.\u00a0<\/strong>Juntas, trabalham para oferecer\u00a0<strong>aposentadoria tranquila, segura e transparente para seus associados e familiares.<\/strong><\/p>\n<p style=\"font-weight: 400;\">A JUSPREV est\u00e1 cada vez mais s\u00f3lida, sendo reconhecida no sistema e por especialistas de renome como um Fundo de Pens\u00e3o com grande potencial de crescimento, primando sempre pela gest\u00e3o transparente, compartilhada com suas Instituidoras e seus Participantes.<\/p>\n<p style=\"font-weight: 400;\">O principal objetivo da JUSPREV \u00e9 estar continuamente ao lado dos nossos participantes e familiares, cuidando de forma especial do futuro de cada um.<\/p>\n<p style=\"font-weight: 400;\">E, apoiada nesse crescimento, 2019 aponta com mais novidades para os participantes da JUSPREV, com o desenvolvimento de novos canais de comunica\u00e7\u00e3o e aprimoramento de ferramentas de gest\u00e3o, com o objetivo de aproximar a entidade de seus participantes, atendendo a todos com excel\u00eancia.<\/p>\n<p style=\"font-weight: 400;\"><strong>Somos a maior uni\u00e3o formal de Associa\u00e7\u00f5es de Carreiras P\u00fablicas do Brasil, na busca de um futuro de qualidade para nossos participantes e seus familiares.\u00a0<\/strong><\/p>\n<p style=\"font-weight: 400;\">Agradecemos imensamente a todos por estarem ao nosso lado na constru\u00e7\u00e3o dessa hist\u00f3ria.<\/p>\n<p style=\"font-weight: 400;\"><em>DIRETORIA\u00a0EXECUTIVA<br \/>\nJUSPREV<\/em><\/p>\n<p>&nbsp;<\/p>\n<p>&nbsp;<\/p>\n","protected":false},"excerpt":{"rendered":"<p>Iniciamos esta mensagem expressando nossa gratid\u00e3o e reconhecimento aos participantes e assistidos da JUSPREV, pela confian\u00e7a depositada diariamente na entidade e na sua gest\u00e3o, \u00e0s Associa\u00e7\u00f5es Instituidoras, seus Presidentes e\u00a0Diretores,&#8230;<\/p>\n","protected":false},"author":3,"featured_media":0,"comment_status":"closed","ping_status":"closed","sticky":false,"template":"","format":"standard","meta":{"footnotes":""},"categories":[31],"tags":[],"class_list":["post-11286","post","type-post","status-publish","format-standard","hentry","category-noticias"],"_links":{"self":[{"href":"https:\/\/jusprev.org.br\/backup\/wp-json\/wp\/v2\/posts\/11286","targetHints":{"allow":["GET"]}}],"collection":[{"href":"https:\/\/jusprev.org.br\/backup\/wp-json\/wp\/v2\/posts"}],"about":[{"href":"https:\/\/jusprev.org.br\/backup\/wp-json\/wp\/v2\/types\/post"}],"author":[{"embeddable":true,"href":"https:\/\/jusprev.org.br\/backup\/wp-json\/wp\/v2\/users\/3"}],"replies":[{"embeddable":true,"href":"https:\/\/jusprev.org.br\/backup\/wp-json\/wp\/v2\/comments?post=11286"}],"version-history":[{"count":0,"href":"https:\/\/jusprev.org.br\/backup\/wp-json\/wp\/v2\/posts\/11286\/revisions"}],"wp:attachment":[{"href":"https:\/\/jusprev.org.br\/backup\/wp-json\/wp\/v2\/media?parent=11286"}],"wp:term":[{"taxonomy":"category","embeddable":true,"href":"https:\/\/jusprev.org.br\/backup\/wp-json\/wp\/v2\/categories?post=11286"},{"taxonomy":"post_tag","embeddable":true,"href":"https:\/\/jusprev.org.br\/backup\/wp-json\/wp\/v2\/tags?post=11286"}],"curies":[{"name":"wp","href":"https:\/\/api.w.org\/{rel}","templated":true}]}}