{"id":11290,"date":"2018-12-28T13:12:28","date_gmt":"2018-12-28T15:12:28","guid":{"rendered":"https:\/\/jusprev.org.br\/backup\/?p=11290"},"modified":"2018-12-28T13:12:28","modified_gmt":"2018-12-28T15:12:28","slug":"novos-valores-minimos-de-contribuicao-para-2019","status":"publish","type":"post","link":"https:\/\/jusprev.org.br\/backup\/novos-valores-minimos-de-contribuicao-para-2019\/","title":{"rendered":"Novos valores m\u00ednimos de contribui\u00e7\u00e3o para 2019"},"content":{"rendered":"<p>Prezado(a) participante;<\/p>\n<p>De acordo com o artigo 9\u00ba do Regulamento do PLANJUS, par\u00e1grafo \u00fanico, os valores das contribui\u00e7\u00f5es b\u00e1sicas ser\u00e3o atualizados, anualmente, em 1\u00ba de janeiro, pela varia\u00e7\u00e3o do INPC \u2013 \u00cdndice Nacional de Pre\u00e7os ao Consumidor, divulgado pelo IBGE,\u00a0acumulado no per\u00edodo de dezembro a novembro.<\/p>\n<p>Confira abaixo os novos valores de contribui\u00e7\u00f5es, v\u00e1lidos a partir de 1\u00ba de janeiro de 2019.<\/p>\n<p><a href=\"https:\/\/jusprev.org.br\/backup\/wp-content\/uploads\/2012\/06\/tabelaValoresminimosContribuicao2019.jpg\"><img loading=\"lazy\" decoding=\"async\" src=\"https:\/\/jusprev.org.br\/backup\/wp-content\/uploads\/2012\/06\/tabelaValoresminimosContribuicao2019.jpg\" alt=\"tabelaValoresminimosContribuicao2019\" width=\"400\" height=\"127\" class=\"alignleft size-full wp-image-11306\" \/><\/a><\/p>\n<p>&nbsp;<\/p>\n<p>Para d\u00favidas ou informa\u00e7\u00f5es, entre em contato com a Central de Relacionamento com o Participante: 0800 052 3434 ou <a href=\"mailto:relacionamento@jusprev.org.br\">relacionamento@jusprev.org.br<\/a><\/p>\n","protected":false},"excerpt":{"rendered":"<p>Prezado(a) participante; De acordo com o artigo 9\u00ba do Regulamento do PLANJUS, par\u00e1grafo \u00fanico, os valores das contribui\u00e7\u00f5es b\u00e1sicas ser\u00e3o atualizados, anualmente, em 1\u00ba de janeiro, pela varia\u00e7\u00e3o do INPC&#8230;<\/p>\n","protected":false},"author":3,"featured_media":0,"comment_status":"closed","ping_status":"closed","sticky":false,"template":"","format":"standard","meta":{"footnotes":""},"categories":[31],"tags":[],"class_list":["post-11290","post","type-post","status-publish","format-standard","hentry","category-noticias"],"_links":{"self":[{"href":"https:\/\/jusprev.org.br\/backup\/wp-json\/wp\/v2\/posts\/11290","targetHints":{"allow":["GET"]}}],"collection":[{"href":"https:\/\/jusprev.org.br\/backup\/wp-json\/wp\/v2\/posts"}],"about":[{"href":"https:\/\/jusprev.org.br\/backup\/wp-json\/wp\/v2\/types\/post"}],"author":[{"embeddable":true,"href":"https:\/\/jusprev.org.br\/backup\/wp-json\/wp\/v2\/users\/3"}],"replies":[{"embeddable":true,"href":"https:\/\/jusprev.org.br\/backup\/wp-json\/wp\/v2\/comments?post=11290"}],"version-history":[{"count":0,"href":"https:\/\/jusprev.org.br\/backup\/wp-json\/wp\/v2\/posts\/11290\/revisions"}],"wp:attachment":[{"href":"https:\/\/jusprev.org.br\/backup\/wp-json\/wp\/v2\/media?parent=11290"}],"wp:term":[{"taxonomy":"category","embeddable":true,"href":"https:\/\/jusprev.org.br\/backup\/wp-json\/wp\/v2\/categories?post=11290"},{"taxonomy":"post_tag","embeddable":true,"href":"https:\/\/jusprev.org.br\/backup\/wp-json\/wp\/v2\/tags?post=11290"}],"curies":[{"name":"wp","href":"https:\/\/api.w.org\/{rel}","templated":true}]}}