{"id":11320,"date":"2019-01-24T10:11:21","date_gmt":"2019-01-24T12:11:21","guid":{"rendered":"https:\/\/jusprev.org.br\/backup\/?p=11320"},"modified":"2019-01-24T10:11:21","modified_gmt":"2019-01-24T12:11:21","slug":"adpacre-amepe-e-amatra-19-sao-as-novas-instituidoras-da-jusprev","status":"publish","type":"post","link":"https:\/\/jusprev.org.br\/backup\/adpacre-amepe-e-amatra-19-sao-as-novas-instituidoras-da-jusprev\/","title":{"rendered":"ADPACRE, AMEPE e AMATRA 19 s\u00e3o as novas Instituidoras da JUSPREV"},"content":{"rendered":"<p><img loading=\"lazy\" decoding=\"async\" class=\"wp-image-11321 aligncenter\" src=\"https:\/\/jusprev.org.br\/backup\/wp-content\/uploads\/2019\/01\/novas_instituidoras_janeiro.jpg\" alt=\"novas_instituidoras_janeiro\" width=\"738\" height=\"145\" \/><\/p>\n<p>Tr\u00eas Associa\u00e7\u00f5es de Carreiras Jur\u00eddicas P\u00fablicas passaram a integrar o Col\u00e9gio de Instituidoras da JUSPREV, formado por mais de 70 Entidades em todos o pa\u00eds. S\u00e3o elas: <strong>Associa\u00e7\u00e3o dos Defensores P\u00fablicos do Acre, Associa\u00e7\u00e3o dos Magistrados de Pernambuco e Associa\u00e7\u00e3o dos Magistrados da Justi\u00e7a do Trabalho da 19\u00aa Regi\u00e3o (Alagoas).<\/strong><\/p>\n<p>Com as ades\u00f5es, que foram aprovadas pela Superintend\u00eancia Nacional de Previd\u00eancia Complementar (Previc), os associados e familiares das institui\u00e7\u00f5es j\u00e1 podem aderir ao plano de benef\u00edcios previdenci\u00e1rios da JUSPREV, o PLANJUS, que oferece quatro modalidades de renda: a Renda Mensal Programada, a Renda Mensal por Morte, Renda Mensal por Invalidez e Renda Mensal Educacional.<\/p>\n<p>A JUSPREV \u00e9 uma Previd\u00eancia Associativa, com mais de dez anos de funda\u00e7\u00e3o. Administra mais de 230 milh\u00f5es em ativos do PLANJUS, seu plano previdenci\u00e1rio. \u00c9 uma entidade nacional, que possui mais de 70 Associa\u00e7\u00f5es Instituidoras de Carreiras Jur\u00eddicas P\u00fablicas e de Auditoria Fiscal da Receita Federal do Brasil. Juntas, as institui\u00e7\u00f5es oferecem uma aposentadoria segura e transparente para seus associados e familiares.<\/p>\n<p><a href=\"https:\/\/jusprev.org.br\/backup\/?page_id=5345\">Saiba mais sobre o PLANJUS.<\/a><\/p>\n<p>&nbsp;<\/p>\n","protected":false},"excerpt":{"rendered":"<p>Tr\u00eas Associa\u00e7\u00f5es de Carreiras Jur\u00eddicas P\u00fablicas passaram a integrar o Col\u00e9gio de Instituidoras da JUSPREV, formado por mais de 70 Entidades em todos o pa\u00eds. S\u00e3o elas: Associa\u00e7\u00e3o dos Defensores&#8230;<\/p>\n","protected":false},"author":3,"featured_media":0,"comment_status":"closed","ping_status":"closed","sticky":false,"template":"","format":"standard","meta":{"footnotes":""},"categories":[31],"tags":[],"class_list":["post-11320","post","type-post","status-publish","format-standard","hentry","category-noticias"],"_links":{"self":[{"href":"https:\/\/jusprev.org.br\/backup\/wp-json\/wp\/v2\/posts\/11320","targetHints":{"allow":["GET"]}}],"collection":[{"href":"https:\/\/jusprev.org.br\/backup\/wp-json\/wp\/v2\/posts"}],"about":[{"href":"https:\/\/jusprev.org.br\/backup\/wp-json\/wp\/v2\/types\/post"}],"author":[{"embeddable":true,"href":"https:\/\/jusprev.org.br\/backup\/wp-json\/wp\/v2\/users\/3"}],"replies":[{"embeddable":true,"href":"https:\/\/jusprev.org.br\/backup\/wp-json\/wp\/v2\/comments?post=11320"}],"version-history":[{"count":0,"href":"https:\/\/jusprev.org.br\/backup\/wp-json\/wp\/v2\/posts\/11320\/revisions"}],"wp:attachment":[{"href":"https:\/\/jusprev.org.br\/backup\/wp-json\/wp\/v2\/media?parent=11320"}],"wp:term":[{"taxonomy":"category","embeddable":true,"href":"https:\/\/jusprev.org.br\/backup\/wp-json\/wp\/v2\/categories?post=11320"},{"taxonomy":"post_tag","embeddable":true,"href":"https:\/\/jusprev.org.br\/backup\/wp-json\/wp\/v2\/tags?post=11320"}],"curies":[{"name":"wp","href":"https:\/\/api.w.org\/{rel}","templated":true}]}}