{"id":11329,"date":"2018-12-04T08:10:38","date_gmt":"2018-12-04T10:10:38","guid":{"rendered":"https:\/\/jusprev.org.br\/backup\/?p=11329"},"modified":"2018-12-04T08:10:38","modified_gmt":"2018-12-04T10:10:38","slug":"jusprev-realizara-alteracoes-no-estatuto-da-entidade-confira-o-quadro-comparativo","status":"publish","type":"post","link":"https:\/\/jusprev.org.br\/backup\/jusprev-realizara-alteracoes-no-estatuto-da-entidade-confira-o-quadro-comparativo\/","title":{"rendered":"JUSPREV realizar\u00e1 altera\u00e7\u00f5es no Estatuto da Entidade. Confira o quadro comparativo"},"content":{"rendered":"<p><span style=\"font-family: 'Arial',sans-serif; color: #555555;\">Com o objetivo de atender apontamentos propostos pela Superintend\u00eancia Nacional de Previd\u00eancia Complementar (PREVIC), a JUSPREV adequou o quadro de altera\u00e7\u00f5es estatut\u00e1rias, ajustando para atender o contido na Nota n.\u00ba 1506\/2018, expedida pela PREVIC.<\/span><\/p>\n<p style=\"font-variant-ligatures: normal; font-variant-caps: normal; orphans: 2; text-align: start; widows: 2; -webkit-text-stroke-width: 0px; text-decoration-style: initial; text-decoration-color: initial; word-spacing: 0px;\"><span style=\"font-family: 'Arial',sans-serif; color: #555555;\">Em atendimento \u00e0 Resolu\u00e7\u00e3o MPS\/CNPC n\u00ba 05 de 18 de abril de 2011, que determina a comunica\u00e7\u00e3o pr\u00e9via das propostas de altera\u00e7\u00f5es aos participantes e assistidos, a entidade elaborou um quadro comparativo com a situa\u00e7\u00e3o atual e a situa\u00e7\u00e3o proposta da reda\u00e7\u00e3o, bem como as justificativas para cada altera\u00e7\u00e3o proposta.<\/span><\/p>\n<p><span style=\"font-family: 'Arial',sans-serif; color: #555555;\">Em atendimento ao princ\u00edpio da transpar\u00eancia preceituado no artigo 7\u00ba da Lei Complementar n\u00ba 109\/2001, a JUSPREV d\u00e1 ci\u00eancia aos seus Instituidores sobre as altera\u00e7\u00f5es propostas no Estatuto.<\/span><\/p>\n<p><a href=\"https:\/\/jusprev.org.br\/backup\/wp-content\/uploads\/2018\/11\/QUADRODEALTERACOESESTATUTO.pdf\">Acesse o Quadro Comparativo aqui.\u00a0<\/a><\/p>\n<p><a href=\"https:\/\/jusprev.org.br\/backup\/wp-content\/uploads\/2018\/11\/Nota_1506_Jusprev.pdf\">Acesse a Nota n.\u00ba 15\/06\/2018 aqui.\u00a0<\/a><\/p>\n<p><a href=\"https:\/\/jusprev.org.br\/backup\/wp-content\/uploads\/2018\/12\/Sintese_das_alteracoes_do_Estatuto.pdf\">Acesse aqui a s\u00edntese das altera\u00e7\u00f5es do Estatuto da JUSPREV.<\/a><\/p>\n<p><a href=\"https:\/\/jusprev.org.br\/backup\/wp-content\/uploads\/2018\/11\/ESTATUTO_DA_JUSPREV_com_alteracoes30112018.pdf\">Acesse aqui o texto consolidado do Estatuto, com as altera\u00e7\u00f5es em destaque.<\/a><\/p>\n<p>&nbsp;<\/p>\n<p>&nbsp;<\/p>\n","protected":false},"excerpt":{"rendered":"<p>Com o objetivo de atender apontamentos propostos pela Superintend\u00eancia Nacional de Previd\u00eancia Complementar (PREVIC), a JUSPREV adequou o quadro de altera\u00e7\u00f5es estatut\u00e1rias, ajustando para atender o contido na Nota n.\u00ba&#8230;<\/p>\n","protected":false},"author":3,"featured_media":0,"comment_status":"closed","ping_status":"closed","sticky":false,"template":"","format":"standard","meta":{"footnotes":""},"categories":[31],"tags":[],"class_list":["post-11329","post","type-post","status-publish","format-standard","hentry","category-noticias"],"_links":{"self":[{"href":"https:\/\/jusprev.org.br\/backup\/wp-json\/wp\/v2\/posts\/11329","targetHints":{"allow":["GET"]}}],"collection":[{"href":"https:\/\/jusprev.org.br\/backup\/wp-json\/wp\/v2\/posts"}],"about":[{"href":"https:\/\/jusprev.org.br\/backup\/wp-json\/wp\/v2\/types\/post"}],"author":[{"embeddable":true,"href":"https:\/\/jusprev.org.br\/backup\/wp-json\/wp\/v2\/users\/3"}],"replies":[{"embeddable":true,"href":"https:\/\/jusprev.org.br\/backup\/wp-json\/wp\/v2\/comments?post=11329"}],"version-history":[{"count":0,"href":"https:\/\/jusprev.org.br\/backup\/wp-json\/wp\/v2\/posts\/11329\/revisions"}],"wp:attachment":[{"href":"https:\/\/jusprev.org.br\/backup\/wp-json\/wp\/v2\/media?parent=11329"}],"wp:term":[{"taxonomy":"category","embeddable":true,"href":"https:\/\/jusprev.org.br\/backup\/wp-json\/wp\/v2\/categories?post=11329"},{"taxonomy":"post_tag","embeddable":true,"href":"https:\/\/jusprev.org.br\/backup\/wp-json\/wp\/v2\/tags?post=11329"}],"curies":[{"name":"wp","href":"https:\/\/api.w.org\/{rel}","templated":true}]}}