{"id":11336,"date":"2019-01-30T13:48:05","date_gmt":"2019-01-30T15:48:05","guid":{"rendered":"https:\/\/jusprev.org.br\/backup\/?p=11336"},"modified":"2019-01-30T13:48:05","modified_gmt":"2019-01-30T15:48:05","slug":"confira-a-revista-digital-a-camminare-traveller","status":"publish","type":"post","link":"https:\/\/jusprev.org.br\/backup\/confira-a-revista-digital-a-camminare-traveller\/","title":{"rendered":"Confira a Revista Digital &#8220;A Camminare Traveller&#8221;"},"content":{"rendered":"<p>\u00c9 com imensa alegria que comunicamos o lan\u00e7amento da <strong>revista digital A Camminare Traveller<\/strong> numa vers\u00e3o especial para a JUSPREV. Baixe a revista e leia a qualquer hora!<\/p>\n<p>Inspire-se! Boa viagem!<\/p>\n<p><a href=\"https:\/\/www.acamminare.com\">Adriana Lage<\/a><\/p>\n<p><a href=\"https:\/\/www.yumpu.com\/pt\/document\/read\/62379257\/a-camminare-traveller-jusprev-viagens-de-experiencias-gastronomia-e-lifestyle-fev19\" target=\"_blank\" rel=\"noopener\"><img loading=\"lazy\" decoding=\"async\" class=\"wp-image-11348 alignleft\" src=\"https:\/\/jusprev.org.br\/backup\/wp-content\/uploads\/2019\/01\/imagem_revista-791x1024.jpg\" alt=\"imagem_revista\" width=\"612\" height=\"792\" \/><\/a><\/p>\n<p>&nbsp;<\/p>\n","protected":false},"excerpt":{"rendered":"<p>\u00c9 com imensa alegria que comunicamos o lan\u00e7amento da revista digital A Camminare Traveller numa vers\u00e3o especial para a JUSPREV. Baixe a revista e leia a qualquer hora! Inspire-se! Boa&#8230;<\/p>\n","protected":false},"author":3,"featured_media":0,"comment_status":"closed","ping_status":"closed","sticky":false,"template":"","format":"standard","meta":{"footnotes":""},"categories":[50],"tags":[],"class_list":["post-11336","post","type-post","status-publish","format-standard","hentry","category-clube_de_vantagens"],"_links":{"self":[{"href":"https:\/\/jusprev.org.br\/backup\/wp-json\/wp\/v2\/posts\/11336","targetHints":{"allow":["GET"]}}],"collection":[{"href":"https:\/\/jusprev.org.br\/backup\/wp-json\/wp\/v2\/posts"}],"about":[{"href":"https:\/\/jusprev.org.br\/backup\/wp-json\/wp\/v2\/types\/post"}],"author":[{"embeddable":true,"href":"https:\/\/jusprev.org.br\/backup\/wp-json\/wp\/v2\/users\/3"}],"replies":[{"embeddable":true,"href":"https:\/\/jusprev.org.br\/backup\/wp-json\/wp\/v2\/comments?post=11336"}],"version-history":[{"count":0,"href":"https:\/\/jusprev.org.br\/backup\/wp-json\/wp\/v2\/posts\/11336\/revisions"}],"wp:attachment":[{"href":"https:\/\/jusprev.org.br\/backup\/wp-json\/wp\/v2\/media?parent=11336"}],"wp:term":[{"taxonomy":"category","embeddable":true,"href":"https:\/\/jusprev.org.br\/backup\/wp-json\/wp\/v2\/categories?post=11336"},{"taxonomy":"post_tag","embeddable":true,"href":"https:\/\/jusprev.org.br\/backup\/wp-json\/wp\/v2\/tags?post=11336"}],"curies":[{"name":"wp","href":"https:\/\/api.w.org\/{rel}","templated":true}]}}