{"id":11339,"date":"2019-01-31T14:41:05","date_gmt":"2019-01-31T16:41:05","guid":{"rendered":"https:\/\/jusprev.org.br\/backup\/?p=11339"},"modified":"2019-01-31T14:41:05","modified_gmt":"2019-01-31T16:41:05","slug":"ajufe-ingressa-com-documentacao-para-se-tornar-instituidora-da-jusprev","status":"publish","type":"post","link":"https:\/\/jusprev.org.br\/backup\/ajufe-ingressa-com-documentacao-para-se-tornar-instituidora-da-jusprev\/","title":{"rendered":"AJUFE ingressa com documenta\u00e7\u00e3o para se tornar Instituidora da JUSPREV"},"content":{"rendered":"<p><img loading=\"lazy\" decoding=\"async\" class=\"aligncenter wp-image-11340\" src=\"https:\/\/jusprev.org.br\/backup\/wp-content\/uploads\/2019\/01\/0b95c022-e8db-4b54-8df6-fb2fded288c7-1024x768.jpg\" alt=\"0b95c022-e8db-4b54-8df6-fb2fded288c7\" width=\"548\" height=\"411\" \/><\/p>\n<p>A Associa\u00e7\u00e3o dos Ju\u00edzes Federais do Brasil \u2013 AJUFE \u2013 entregou nesta quarta-feira (30) os documentos necess\u00e1rios para ingressar como Instituidora da JUSPREV. A assinatura do Conv\u00eanio de Ades\u00e3o aconteceu durante breve apresenta\u00e7\u00e3o da JUSPREV na sede da Associa\u00e7\u00e3o, em Bras\u00edlia. O documento foi assinado pelo presidente da AJUFE, Fernando Marcelo Mendes.<\/p>\n<p>A documenta\u00e7\u00e3o seguir\u00e1 para an\u00e1lise e aprova\u00e7\u00e3o da Superintend\u00eancia Nacional de Previd\u00eancia Complementar (Previc), \u00f3rg\u00e3o fiscalizador das Entidades Fechadas de Previd\u00eancia Complementar.<\/p>\n<p>Participaram da solenidade de assinatura do termo de ades\u00e3o a diretora-presidente da JUSPREV, Antonia Lelia Neves Sanches, a gerente da JUSPREV, Deborah Maggio, e a idealizadora e fundadora da JUSPREV, Maria Tereza Uille Gomes. Tamb\u00e9m estiveram presentes integrantes da diretoria da AJUFE.<\/p>\n<p>A Associa\u00e7\u00e3o dos Ju\u00edzes Federais do Brasil \u2013 Ajufe, criada em 20 de setembro de 1972, \u00e9 uma entidade sem fins lucrativos, de \u00e2mbito nacional, que congrega os magistrados da Justi\u00e7a Federal brasileira, de primeiro e segundo graus, bem como os ministros do Superior Tribunal de Justi\u00e7a \u2013 STJ e do Supremo Tribunal Federal \u2013 STF, representando-os em \u00e2mbito nacional e internacional, judicial e extrajudicialmente.<\/p>\n<p>Dentre os principais objetivos da institui\u00e7\u00e3o est\u00e3o o fortalecimento do Poder Judici\u00e1rio e de seus integrantes; a luta pelo aperfei\u00e7oamento do Estado Democr\u00e1tico de Direito e a plena observ\u00e2ncia dos direitos humanos; a defesa dos interesses da categoria junto a quaisquer \u00f3rg\u00e3os ou entidades p\u00fablicas ou privadas; a promo\u00e7\u00e3o de reuni\u00f5es e simp\u00f3sios para o estudo e debate de quest\u00f5es institucionais e de interesse dos magistrados; e a publica\u00e7\u00e3o de trabalhos e obras de interesse dos ju\u00edzes.<\/p>\n<p><a href=\"https:\/\/www.ajufe.org.br\/\">Saiba mais sobre a AJUFE aqui.\u00a0<\/a><\/p>\n<p><strong>\u00a0<\/strong><\/p>\n<p><strong>\u00a0<\/strong><\/p>\n","protected":false},"excerpt":{"rendered":"<p>A Associa\u00e7\u00e3o dos Ju\u00edzes Federais do Brasil \u2013 AJUFE \u2013 entregou nesta quarta-feira (30) os documentos necess\u00e1rios para ingressar como Instituidora da JUSPREV. A assinatura do Conv\u00eanio de Ades\u00e3o aconteceu&#8230;<\/p>\n","protected":false},"author":3,"featured_media":0,"comment_status":"closed","ping_status":"closed","sticky":false,"template":"","format":"standard","meta":{"footnotes":""},"categories":[31],"tags":[],"class_list":["post-11339","post","type-post","status-publish","format-standard","hentry","category-noticias"],"_links":{"self":[{"href":"https:\/\/jusprev.org.br\/backup\/wp-json\/wp\/v2\/posts\/11339","targetHints":{"allow":["GET"]}}],"collection":[{"href":"https:\/\/jusprev.org.br\/backup\/wp-json\/wp\/v2\/posts"}],"about":[{"href":"https:\/\/jusprev.org.br\/backup\/wp-json\/wp\/v2\/types\/post"}],"author":[{"embeddable":true,"href":"https:\/\/jusprev.org.br\/backup\/wp-json\/wp\/v2\/users\/3"}],"replies":[{"embeddable":true,"href":"https:\/\/jusprev.org.br\/backup\/wp-json\/wp\/v2\/comments?post=11339"}],"version-history":[{"count":0,"href":"https:\/\/jusprev.org.br\/backup\/wp-json\/wp\/v2\/posts\/11339\/revisions"}],"wp:attachment":[{"href":"https:\/\/jusprev.org.br\/backup\/wp-json\/wp\/v2\/media?parent=11339"}],"wp:term":[{"taxonomy":"category","embeddable":true,"href":"https:\/\/jusprev.org.br\/backup\/wp-json\/wp\/v2\/categories?post=11339"},{"taxonomy":"post_tag","embeddable":true,"href":"https:\/\/jusprev.org.br\/backup\/wp-json\/wp\/v2\/tags?post=11339"}],"curies":[{"name":"wp","href":"https:\/\/api.w.org\/{rel}","templated":true}]}}