{"id":11357,"date":"2019-02-01T17:07:46","date_gmt":"2019-02-01T19:07:46","guid":{"rendered":"https:\/\/jusprev.org.br\/backup\/?p=11357"},"modified":"2019-02-01T17:07:46","modified_gmt":"2019-02-01T19:07:46","slug":"informes-de-rendimentos-serao-enviados-em-fevereiro","status":"publish","type":"post","link":"https:\/\/jusprev.org.br\/backup\/informes-de-rendimentos-serao-enviados-em-fevereiro\/","title":{"rendered":"Informes de Rendimentos ser\u00e3o enviados em fevereiro"},"content":{"rendered":"<p>Participante, para a sua comodidade, os informes de rendimentos para a Declara\u00e7\u00e3o do Imposto de Renda 2019 ser\u00e3o enviados pela JUSPREV a partir do dia 1\u00ba de fevereiro. Os documentos ser\u00e3o encaminhados por e-mail. Destacamos a necessidade de manter sempre o cadastro atualizado com a JUSPREV. Para conferir se o seu e-mail est\u00e1 correto ou precisa ser alterado, basta acessar o <a href=\"https:\/\/www.meufuturo.net.br\/jusprev\/\">Portal Meu Futuro<\/a>, colocando CPF e senha e clicando em cadastro.<\/p>\n<p>A visualiza\u00e7\u00e3o e download tamb\u00e9m poder\u00e3o ser feitos pelo portal exclusivo do participante a partir do dia 1\u00ba de fevereiro. <a href=\"https:\/\/www.meufuturo.net.br\/jusprev\/\" target=\"_blank\" rel=\"noopener\">Acesse o portal aqui. <\/a><\/p>\n<p>Em caso de d\u00favidas ou mais informa\u00e7\u00f5es, entre em contato com a gente por meio da Central de Relacionamento com o Participante:<\/p>\n<ul>\n<li>0800 052 3434<\/li>\n<li>relacionamento@jusprev.org.br<\/li>\n<li>WhatsApp: (41) 99512-8377<\/li>\n<\/ul>\n<p><img loading=\"lazy\" decoding=\"async\" class=\"wp-image-11358 alignleft\" src=\"https:\/\/jusprev.org.br\/backup\/wp-content\/uploads\/2019\/02\/businessman-3213659_1920-1024x379.jpg\" alt=\"businessman-3213659_1920\" width=\"702\" height=\"260\" \/><\/p>\n","protected":false},"excerpt":{"rendered":"<p>Participante, para a sua comodidade, os informes de rendimentos para a Declara\u00e7\u00e3o do Imposto de Renda 2019 ser\u00e3o enviados pela JUSPREV a partir do dia 1\u00ba de fevereiro. Os documentos&#8230;<\/p>\n","protected":false},"author":3,"featured_media":0,"comment_status":"closed","ping_status":"closed","sticky":false,"template":"","format":"standard","meta":{"footnotes":""},"categories":[31],"tags":[],"class_list":["post-11357","post","type-post","status-publish","format-standard","hentry","category-noticias"],"_links":{"self":[{"href":"https:\/\/jusprev.org.br\/backup\/wp-json\/wp\/v2\/posts\/11357","targetHints":{"allow":["GET"]}}],"collection":[{"href":"https:\/\/jusprev.org.br\/backup\/wp-json\/wp\/v2\/posts"}],"about":[{"href":"https:\/\/jusprev.org.br\/backup\/wp-json\/wp\/v2\/types\/post"}],"author":[{"embeddable":true,"href":"https:\/\/jusprev.org.br\/backup\/wp-json\/wp\/v2\/users\/3"}],"replies":[{"embeddable":true,"href":"https:\/\/jusprev.org.br\/backup\/wp-json\/wp\/v2\/comments?post=11357"}],"version-history":[{"count":0,"href":"https:\/\/jusprev.org.br\/backup\/wp-json\/wp\/v2\/posts\/11357\/revisions"}],"wp:attachment":[{"href":"https:\/\/jusprev.org.br\/backup\/wp-json\/wp\/v2\/media?parent=11357"}],"wp:term":[{"taxonomy":"category","embeddable":true,"href":"https:\/\/jusprev.org.br\/backup\/wp-json\/wp\/v2\/categories?post=11357"},{"taxonomy":"post_tag","embeddable":true,"href":"https:\/\/jusprev.org.br\/backup\/wp-json\/wp\/v2\/tags?post=11357"}],"curies":[{"name":"wp","href":"https:\/\/api.w.org\/{rel}","templated":true}]}}