{"id":11369,"date":"2019-02-06T10:42:04","date_gmt":"2019-02-06T12:42:04","guid":{"rendered":"https:\/\/jusprev.org.br\/backup\/?p=11369"},"modified":"2019-02-06T10:42:04","modified_gmt":"2019-02-06T12:42:04","slug":"jusprev-e-apresentada-para-associados-da-amatra-6-ne-anafe-5a-regiao","status":"publish","type":"post","link":"https:\/\/jusprev.org.br\/backup\/jusprev-e-apresentada-para-associados-da-amatra-6-ne-anafe-5a-regiao\/","title":{"rendered":"JUSPREV \u00e9 apresentada para associados da AMATRA 6 e ANAFE (5\u00aa Regi\u00e3o)"},"content":{"rendered":"<p>A JUSPREV esteve em duas de suas Instituidoras para apresentar o PLANJUS (plano de benef\u00edcios previdenci\u00e1rios) e suas vantagens para associados das entidades. Na AMATRA 6 (Associa\u00e7\u00e3o dos Magistrados da Justi\u00e7a do Trabalho Da 6\u00aa Regi\u00e3o), os consultores Alexandre dos Santos e Telma Costa mostraram quais s\u00e3o as rendas dispon\u00edveis, benef\u00edcios e como funciona a ades\u00e3o \u00e0 JUSPREV. A apresenta\u00e7\u00e3o aconteceu no dia 1\u00ba de fevereiro.<\/p>\n<p>Associados da ANAFE (Associa\u00e7\u00e3o Nacional dos Advogados P\u00fablicos Federais &#8211; 5\u00aa Regi\u00e3o) tamb\u00e9m conheceram mais sobre o PLANJUS, em visita do consultor Alexandre do Santos, realizada no dia 31 de janeiro, na sede em Recife.<\/p>\n<h6><img loading=\"lazy\" decoding=\"async\" class=\"wp-image-11370 alignleft\" src=\"https:\/\/jusprev.org.br\/backup\/wp-content\/uploads\/2019\/02\/Anafe.jpg\" alt=\"Anafe\" width=\"496\" height=\"335\" \/><\/h6>\n<h6><\/h6>\n<h6><\/h6>\n<h6><\/h6>\n<h6><\/h6>\n<h6><\/h6>\n<p>&nbsp;<\/p>\n<p>&nbsp;<\/p>\n<p>&nbsp;<\/p>\n<p><em>Apresenta\u00e7\u00e3o realizada na ANAFE (5\u00aa Regi\u00e3o)<\/em><\/p>\n<h6><img loading=\"lazy\" decoding=\"async\" class=\" wp-image-11371 alignleft\" src=\"https:\/\/jusprev.org.br\/backup\/wp-content\/uploads\/2019\/02\/AMATRA6.jpg\" alt=\"AMATRA6\" width=\"493\" height=\"349\" \/><\/h6>\n<p>&nbsp;<\/p>\n<p>&nbsp;<\/p>\n<p>&nbsp;<\/p>\n<p>&nbsp;<\/p>\n<p>&nbsp;<\/p>\n<p>&nbsp;<\/p>\n<p>&nbsp;<\/p>\n<p>&nbsp;<\/p>\n<p>&nbsp;<\/p>\n<p>&nbsp;<\/p>\n<p><em>Associados da AMATRA 6, durante apresenta\u00e7\u00e3o do PLANJUS<\/em><\/p>\n","protected":false},"excerpt":{"rendered":"<p>A JUSPREV esteve em duas de suas Instituidoras para apresentar o PLANJUS (plano de benef\u00edcios previdenci\u00e1rios) e suas vantagens para associados das entidades. Na AMATRA 6 (Associa\u00e7\u00e3o dos Magistrados da&#8230;<\/p>\n","protected":false},"author":3,"featured_media":0,"comment_status":"closed","ping_status":"closed","sticky":false,"template":"","format":"standard","meta":{"footnotes":""},"categories":[31],"tags":[],"class_list":["post-11369","post","type-post","status-publish","format-standard","hentry","category-noticias"],"_links":{"self":[{"href":"https:\/\/jusprev.org.br\/backup\/wp-json\/wp\/v2\/posts\/11369","targetHints":{"allow":["GET"]}}],"collection":[{"href":"https:\/\/jusprev.org.br\/backup\/wp-json\/wp\/v2\/posts"}],"about":[{"href":"https:\/\/jusprev.org.br\/backup\/wp-json\/wp\/v2\/types\/post"}],"author":[{"embeddable":true,"href":"https:\/\/jusprev.org.br\/backup\/wp-json\/wp\/v2\/users\/3"}],"replies":[{"embeddable":true,"href":"https:\/\/jusprev.org.br\/backup\/wp-json\/wp\/v2\/comments?post=11369"}],"version-history":[{"count":0,"href":"https:\/\/jusprev.org.br\/backup\/wp-json\/wp\/v2\/posts\/11369\/revisions"}],"wp:attachment":[{"href":"https:\/\/jusprev.org.br\/backup\/wp-json\/wp\/v2\/media?parent=11369"}],"wp:term":[{"taxonomy":"category","embeddable":true,"href":"https:\/\/jusprev.org.br\/backup\/wp-json\/wp\/v2\/categories?post=11369"},{"taxonomy":"post_tag","embeddable":true,"href":"https:\/\/jusprev.org.br\/backup\/wp-json\/wp\/v2\/tags?post=11369"}],"curies":[{"name":"wp","href":"https:\/\/api.w.org\/{rel}","templated":true}]}}