{"id":11386,"date":"2019-02-13T14:59:41","date_gmt":"2019-02-13T16:59:41","guid":{"rendered":"https:\/\/jusprev.org.br\/backup\/?p=11386"},"modified":"2019-02-13T14:59:41","modified_gmt":"2019-02-13T16:59:41","slug":"associados-da-amapi-conhecem-os-beneficios-da-jusprev","status":"publish","type":"post","link":"https:\/\/jusprev.org.br\/backup\/associados-da-amapi-conhecem-os-beneficios-da-jusprev\/","title":{"rendered":"Associados da AMAPI conhecem os benef\u00edcios da JUSPREV"},"content":{"rendered":"<p><img loading=\"lazy\" decoding=\"async\" class=\"alignleft size-medium wp-image-11387\" src=\"https:\/\/jusprev.org.br\/backup\/wp-content\/uploads\/2019\/02\/Amapi_1-300x200.jpeg\" alt=\"Amapi_1\" width=\"300\" height=\"200\" \/>Associados da AMAPI (Associa\u00e7\u00e3o dos Magistrados Piauienses) conheceram mais sobre a JUSPREV e o plano de benef\u00edcios previdenci\u00e1rios da Entidade, o PLANJUS. A apresenta\u00e7\u00e3o\u00a0aconteceu na sede da Associa\u00e7\u00e3o, no \u00faltimo dia 08 de fevereiro, como parte da programa\u00e7\u00e3o alusiva aos 60 anos da AMAPI e foi realizada pela gerente da JUSPREV, Deborah Maggio e\u00a0pelo\u00a0vice-presidente da Associa\u00e7\u00e3o dos Magistrados Brasileiros (AMB) e membro do Comit\u00ea de Investimentos da JUSPREV, juiz Francisco Borges (foto).<\/p>\n<p>Na abertura do encontro, o presidente da Amapi, Thiago Brand\u00e3o de Almeida, destacou a participa\u00e7\u00e3o expressiva de magistrados. \u201cA JUSPREV \u00e9 parceira da Amapi e de v\u00e1rias associa\u00e7\u00f5es no Brasil. \u00c9 muito gratificante para toda a Diretoria receber a equipe da institui\u00e7\u00e3o, assim como poder contar com a participa\u00e7\u00e3o significativa de associados nessa reuni\u00e3o\u201d, comentou.<\/p>\n<p>O juiz Francisco Borges explicou aos presentes as diretrizes da Previd\u00eancia Associativa. \u201cSomos a maior uni\u00e3o formal de Associa\u00e7\u00f5es de Carreiras Jur\u00eddicas P\u00fablicas e de Auditores Fiscais do pa\u00eds e temos como objetivos principais a administra\u00e7\u00e3o e execu\u00e7\u00e3o de planos de benef\u00edcio de natureza previdenci\u00e1ria sem fins lucrativos\u201d, destacou.<\/p>\n<p><img loading=\"lazy\" decoding=\"async\" class=\"alignleft size-medium wp-image-11388\" src=\"https:\/\/jusprev.org.br\/backup\/wp-content\/uploads\/2019\/02\/amapi_3-300x152.jpg\" alt=\"amapi_3\" width=\"300\" height=\"152\" \/>A gerente da JUSPREV, Deborah Maggio, explanou, de forma t\u00e9cnica, como funciona o regime de Previd\u00eancia Complementar , esclareceu d\u00favidas levantadas pelos magistrados e fez simula\u00e7\u00f5es de renda de acordo com as taxas de contribui\u00e7\u00e3o.\u00a0O evento tamb\u00e9m contou com a presen\u00e7a do juiz Ricardo Costa, presidente da Associa\u00e7\u00e3o Cearense de Magistrados.<\/p>\n<p><em>(Com informa\u00e7\u00f5es da AMAPI)<\/em><\/p>\n","protected":false},"excerpt":{"rendered":"<p>Associados da AMAPI (Associa\u00e7\u00e3o dos Magistrados Piauienses) conheceram mais sobre a JUSPREV e o plano de benef\u00edcios previdenci\u00e1rios da Entidade, o PLANJUS. A apresenta\u00e7\u00e3o\u00a0aconteceu na sede da Associa\u00e7\u00e3o, no \u00faltimo&#8230;<\/p>\n","protected":false},"author":3,"featured_media":0,"comment_status":"closed","ping_status":"closed","sticky":false,"template":"","format":"standard","meta":{"footnotes":""},"categories":[31],"tags":[],"class_list":["post-11386","post","type-post","status-publish","format-standard","hentry","category-noticias"],"_links":{"self":[{"href":"https:\/\/jusprev.org.br\/backup\/wp-json\/wp\/v2\/posts\/11386","targetHints":{"allow":["GET"]}}],"collection":[{"href":"https:\/\/jusprev.org.br\/backup\/wp-json\/wp\/v2\/posts"}],"about":[{"href":"https:\/\/jusprev.org.br\/backup\/wp-json\/wp\/v2\/types\/post"}],"author":[{"embeddable":true,"href":"https:\/\/jusprev.org.br\/backup\/wp-json\/wp\/v2\/users\/3"}],"replies":[{"embeddable":true,"href":"https:\/\/jusprev.org.br\/backup\/wp-json\/wp\/v2\/comments?post=11386"}],"version-history":[{"count":0,"href":"https:\/\/jusprev.org.br\/backup\/wp-json\/wp\/v2\/posts\/11386\/revisions"}],"wp:attachment":[{"href":"https:\/\/jusprev.org.br\/backup\/wp-json\/wp\/v2\/media?parent=11386"}],"wp:term":[{"taxonomy":"category","embeddable":true,"href":"https:\/\/jusprev.org.br\/backup\/wp-json\/wp\/v2\/categories?post=11386"},{"taxonomy":"post_tag","embeddable":true,"href":"https:\/\/jusprev.org.br\/backup\/wp-json\/wp\/v2\/tags?post=11386"}],"curies":[{"name":"wp","href":"https:\/\/api.w.org\/{rel}","templated":true}]}}