{"id":11397,"date":"2019-02-18T10:34:53","date_gmt":"2019-02-18T13:34:53","guid":{"rendered":"https:\/\/jusprev.org.br\/backup\/?p=11397"},"modified":"2019-02-18T10:34:53","modified_gmt":"2019-02-18T13:34:53","slug":"conamp-e-amab-sao-as-novas-instituidoras-da-jusprev","status":"publish","type":"post","link":"https:\/\/jusprev.org.br\/backup\/conamp-e-amab-sao-as-novas-instituidoras-da-jusprev\/","title":{"rendered":"CONAMP e AMAB s\u00e3o as novas Instituidoras da JUSPREV"},"content":{"rendered":"<p><img loading=\"lazy\" decoding=\"async\" class=\"aligncenter size-full wp-image-11399\" src=\"https:\/\/jusprev.org.br\/backup\/wp-content\/uploads\/2019\/02\/conamp_logo.jpg\" alt=\"conamp_logo\" width=\"349\" height=\"110\" \/><img loading=\"lazy\" decoding=\"async\" class=\"aligncenter size-full wp-image-11400\" src=\"https:\/\/jusprev.org.br\/backup\/wp-content\/uploads\/2019\/02\/amab_logo.jpg\" alt=\"amab_logo\" width=\"292\" height=\"132\" \/><\/p>\n<p>&nbsp;<\/p>\n<p><a href=\"https:\/\/www.conamp.org.br\/pt\/\">A Associa\u00e7\u00e3o Nacional dos Membros do Minist\u00e9rio P\u00fablico<\/a> (CONAMP) e a <a href=\"http:\/\/www.amab.com.br\/\">Associa\u00e7\u00e3o dos Magistrados da Bahia<\/a> (AMAB) s\u00e3o as novas Instituidoras da JUSPREV. As associa\u00e7\u00f5es foram aprovadas pela Superintend\u00eancia Nacional de Previd\u00eancia Complementar (Previc) para compor o Col\u00e9gio de Instituidoras\u00a0da Entidade e j\u00e1 podem oferecer o plano de benef\u00edcios previdenci\u00e1rios (Planjus) para todos os associados e familiares (c\u00f4njuges e dependentes econ\u00f4micos).<\/p>\n<p>A JUSPREV \u00e9 uma previd\u00eancia associativa que nasceu da for\u00e7a e uni\u00e3o de entidades como a CONAMP e AMAB para oferecer uma aposentadoria e coberturas de risco com seguran\u00e7a e transpar\u00eancia. Com onze anos de exist\u00eancia, a Entidade administra um patrim\u00f4nio de mais de 230 milh\u00f5es em ativos, com participantes de carreiras jur\u00eddicas p\u00fablicas e auditores fiscais da Receita Federal de todo o Brasil.<\/p>\n<p>Para aderir aos benef\u00edcios do PLANJUS, os associados das Instituidoras podem solicitar uma consultoria pelo e-mail <a href=\"mailto:consultoria@jusprev.org.br\">consultoria@jusprev.org.br<\/a> ou telefones 0800 052 3434 \/ (41) 3252 \u2013 3400.<\/p>\n<p>&nbsp;<\/p>\n","protected":false},"excerpt":{"rendered":"<p>&nbsp; A Associa\u00e7\u00e3o Nacional dos Membros do Minist\u00e9rio P\u00fablico (CONAMP) e a Associa\u00e7\u00e3o dos Magistrados da Bahia (AMAB) s\u00e3o as novas Instituidoras da JUSPREV. As associa\u00e7\u00f5es foram aprovadas pela Superintend\u00eancia&#8230;<\/p>\n","protected":false},"author":3,"featured_media":0,"comment_status":"closed","ping_status":"closed","sticky":false,"template":"","format":"standard","meta":{"footnotes":""},"categories":[31],"tags":[],"class_list":["post-11397","post","type-post","status-publish","format-standard","hentry","category-noticias"],"_links":{"self":[{"href":"https:\/\/jusprev.org.br\/backup\/wp-json\/wp\/v2\/posts\/11397","targetHints":{"allow":["GET"]}}],"collection":[{"href":"https:\/\/jusprev.org.br\/backup\/wp-json\/wp\/v2\/posts"}],"about":[{"href":"https:\/\/jusprev.org.br\/backup\/wp-json\/wp\/v2\/types\/post"}],"author":[{"embeddable":true,"href":"https:\/\/jusprev.org.br\/backup\/wp-json\/wp\/v2\/users\/3"}],"replies":[{"embeddable":true,"href":"https:\/\/jusprev.org.br\/backup\/wp-json\/wp\/v2\/comments?post=11397"}],"version-history":[{"count":0,"href":"https:\/\/jusprev.org.br\/backup\/wp-json\/wp\/v2\/posts\/11397\/revisions"}],"wp:attachment":[{"href":"https:\/\/jusprev.org.br\/backup\/wp-json\/wp\/v2\/media?parent=11397"}],"wp:term":[{"taxonomy":"category","embeddable":true,"href":"https:\/\/jusprev.org.br\/backup\/wp-json\/wp\/v2\/categories?post=11397"},{"taxonomy":"post_tag","embeddable":true,"href":"https:\/\/jusprev.org.br\/backup\/wp-json\/wp\/v2\/tags?post=11397"}],"curies":[{"name":"wp","href":"https:\/\/api.w.org\/{rel}","templated":true}]}}