{"id":11411,"date":"2019-02-28T11:01:31","date_gmt":"2019-02-28T14:01:31","guid":{"rendered":"https:\/\/jusprev.org.br\/backup\/?p=11411"},"modified":"2019-02-28T11:01:31","modified_gmt":"2019-02-28T14:01:31","slug":"dirigentes-da-jusprev-participam-da-11a-reuniao-do-comite-previdencia-associativa-da-abrapp","status":"publish","type":"post","link":"https:\/\/jusprev.org.br\/backup\/dirigentes-da-jusprev-participam-da-11a-reuniao-do-comite-previdencia-associativa-da-abrapp\/","title":{"rendered":"Dirigentes da JUSPREV participam da 11\u00aa Reuni\u00e3o do Comit\u00ea Previd\u00eancia Associativa da Abrapp"},"content":{"rendered":"<p><img loading=\"lazy\" decoding=\"async\" class=\"alignleft size-medium wp-image-11413\" src=\"https:\/\/jusprev.org.br\/backup\/wp-content\/uploads\/2019\/02\/reuniao_abrapp_site-300x196.jpg\" alt=\"reuniao_abrapp_site\" width=\"300\" height=\"196\" \/>A Associa\u00e7\u00e3o Brasileira das Entidades Fechadas de Previd\u00eancia Complementar \u2013 Abrapp \u2013 realizou nesta quarta-feira, dia 27, a 11\u00aa Reuni\u00e3o do Comit\u00ea Previd\u00eancia Associativa. Participaram pela JUSPREV a Diretora-presidente, Dra. Antonia L\u00e9lia Neves Sanches, \u00a0o Diretor Administrativo e Financeiro, Dr. Jair Eduardo Santana e gerente geral da JUSPREV, Deborah Maggio.<\/p>\n<p>Durante a reuni\u00e3o foram abordados assuntos estrat\u00e9gicos para as entidades de previd\u00eancia, como o CNPJ por plano, plano setorial familiar e calend\u00e1rio de reuni\u00f5es para futuras apresenta\u00e7\u00f5es de experi\u00eancia e modelos implantados nas institui\u00e7\u00f5es. O evento aconteceu na sede da Abrapp, em S\u00e3o Paulo.<\/p>\n","protected":false},"excerpt":{"rendered":"<p>A Associa\u00e7\u00e3o Brasileira das Entidades Fechadas de Previd\u00eancia Complementar \u2013 Abrapp \u2013 realizou nesta quarta-feira, dia 27, a 11\u00aa Reuni\u00e3o do Comit\u00ea Previd\u00eancia Associativa. Participaram pela JUSPREV a Diretora-presidente, Dra&#8230;.<\/p>\n","protected":false},"author":3,"featured_media":0,"comment_status":"closed","ping_status":"closed","sticky":false,"template":"","format":"standard","meta":{"footnotes":""},"categories":[31],"tags":[],"class_list":["post-11411","post","type-post","status-publish","format-standard","hentry","category-noticias"],"_links":{"self":[{"href":"https:\/\/jusprev.org.br\/backup\/wp-json\/wp\/v2\/posts\/11411","targetHints":{"allow":["GET"]}}],"collection":[{"href":"https:\/\/jusprev.org.br\/backup\/wp-json\/wp\/v2\/posts"}],"about":[{"href":"https:\/\/jusprev.org.br\/backup\/wp-json\/wp\/v2\/types\/post"}],"author":[{"embeddable":true,"href":"https:\/\/jusprev.org.br\/backup\/wp-json\/wp\/v2\/users\/3"}],"replies":[{"embeddable":true,"href":"https:\/\/jusprev.org.br\/backup\/wp-json\/wp\/v2\/comments?post=11411"}],"version-history":[{"count":0,"href":"https:\/\/jusprev.org.br\/backup\/wp-json\/wp\/v2\/posts\/11411\/revisions"}],"wp:attachment":[{"href":"https:\/\/jusprev.org.br\/backup\/wp-json\/wp\/v2\/media?parent=11411"}],"wp:term":[{"taxonomy":"category","embeddable":true,"href":"https:\/\/jusprev.org.br\/backup\/wp-json\/wp\/v2\/categories?post=11411"},{"taxonomy":"post_tag","embeddable":true,"href":"https:\/\/jusprev.org.br\/backup\/wp-json\/wp\/v2\/tags?post=11411"}],"curies":[{"name":"wp","href":"https:\/\/api.w.org\/{rel}","templated":true}]}}