{"id":11432,"date":"2019-03-19T11:50:59","date_gmt":"2019-03-19T14:50:59","guid":{"rendered":"https:\/\/jusprev.org.br\/backup\/?p=11432"},"modified":"2019-03-19T11:50:59","modified_gmt":"2019-03-19T14:50:59","slug":"jusprev-realiza-1o-curso-de-investimentos-para-dirigentes","status":"publish","type":"post","link":"https:\/\/jusprev.org.br\/backup\/jusprev-realiza-1o-curso-de-investimentos-para-dirigentes\/","title":{"rendered":"JUSPREV realiza 1\u00ba Curso de Investimentos para Dirigentes"},"content":{"rendered":"<p><img loading=\"lazy\" decoding=\"async\" class=\"alignleft size-medium wp-image-11433\" src=\"https:\/\/jusprev.org.br\/backup\/wp-content\/uploads\/2019\/03\/dc4ab416-3f5d-4c23-9e9b-5747aa15350f-300x200.jpg\" alt=\"dc4ab416-3f5d-4c23-9e9b-5747aa15350f\" width=\"300\" height=\"200\" \/>Entre os dias 11 e 14 de mar\u00e7o aconteceu em Curitiba o 1\u00ba Curso de Investimentos para Dirigentes da JUSPREV. A capacita\u00e7\u00e3o teve como objetivo apresentar o sistema financeiro nacional, perfis de investidor, princ\u00edpios b\u00e1sicos de economia e finan\u00e7as, al\u00e9m dos fundos de investimentos. O curso tamb\u00e9m \u00e9 uma prepara\u00e7\u00e3o para certifica\u00e7\u00e3o concedida aos membros dirigentes de entidades fechadas de previd\u00eancia complementar, ap\u00f3s avalia\u00e7\u00e3o que ser\u00e1 realizada pela Associa\u00e7\u00e3o Brasileira das Entidades dos Mercados Financeiro e de Capitais (AMBIMA).<\/p>\n<p>\u201cO curso foi promovido pela JUSPREV para capacitar os membros do Comit\u00ea de Investimentos, de Conselhos, Associa\u00e7\u00f5es Instituidoras e Diretoria Executiva da entidade. A capacita\u00e7\u00e3o mostrou como funcionam e como s\u00e3o feitos os investimentos e como \u00e9 o processo decis\u00f3rio, de escolha e de aplica\u00e7\u00e3o dos ativos\u201d, disse o presidente do Comit\u00ea de Investimentos da JUSPREV, Dr. F\u00e1bio Esmanhotto.<\/p>\n<p>Este foi o primeiro curso realizado in company pela JUSPREV. Para o presidente da Associa\u00e7\u00e3o dos Defensores P\u00fablicos do Estado do Tocantins (ADPETO), Dr. Fabr\u00edcio Dias Braga de Sousa, o curso possibilitou o contato com assuntos estrat\u00e9gicos do setor de previd\u00eancia e de investimentos. \u201cComo presidente de uma das Associa\u00e7\u00f5es Instituidoras da JUSPREV, me sinto mais preparado e mais capacitado para passar informa\u00e7\u00f5es para os associados\u201d, destacou Fabr\u00edcio.<\/p>\n<p>\u201cO curso de investimentos permitiu uma vis\u00e3o espec\u00edfica sobre investimentos, previd\u00eancia e mercado de a\u00e7\u00f5es. \u00c9 um conhecimento muito profundo da tem\u00e1tica\u201d, disse o presidente da Associa\u00e7\u00e3o dos Magistrados do Estado de Rond\u00f4nia (AMERON), Dr. Alexandre Miguel.<\/p>\n<p>Para participantes que tiverem interesse no conte\u00fado do curso, o mesmo ser\u00e1 disponibilizado em breve para as Associa\u00e7\u00f5es Instituidoras, para que o conhecimento seja compartilhado com todos.<br \/>\n<div style=\"width: 640px;\" class=\"wp-video\"><video class=\"wp-video-shortcode\" id=\"video-11432-1\" width=\"640\" height=\"360\" preload=\"metadata\" controls=\"controls\"><source type=\"video\/mp4\" src=\"https:\/\/jusprev.org.br\/backup\/wp-content\/uploads\/2019\/03\/video1-Curso-de-Investimentos-JUSPREV.mp4?_=1\" \/><a href=\"https:\/\/jusprev.org.br\/backup\/wp-content\/uploads\/2019\/03\/video1-Curso-de-Investimentos-JUSPREV.mp4\">https:\/\/jusprev.org.br\/backup\/wp-content\/uploads\/2019\/03\/video1-Curso-de-Investimentos-JUSPREV.mp4<\/a><\/video><\/div><br \/>\n<em>(Fotos: Guto Pimentel)<\/em><\/p>\n<p><img loading=\"lazy\" decoding=\"async\" class=\"alignleft size-medium wp-image-11434\" src=\"https:\/\/jusprev.org.br\/backup\/wp-content\/uploads\/2019\/03\/fa94300f-c338-4e3f-bd74-d4e38ac21eab-300x200.jpg\" alt=\"fa94300f-c338-4e3f-bd74-d4e38ac21eab\" width=\"300\" height=\"200\" \/><\/p>\n<p><img loading=\"lazy\" decoding=\"async\" class=\"alignleft size-medium wp-image-11435\" src=\"https:\/\/jusprev.org.br\/backup\/wp-content\/uploads\/2019\/03\/fb7a6630-1dec-4621-ab9e-935ec55015f0-300x200.jpg\" alt=\"fb7a6630-1dec-4621-ab9e-935ec55015f0\" width=\"300\" height=\"200\" \/><\/p>\n","protected":false},"excerpt":{"rendered":"<p>Entre os dias 11 e 14 de mar\u00e7o aconteceu em Curitiba o 1\u00ba Curso de Investimentos para Dirigentes da JUSPREV. A capacita\u00e7\u00e3o teve como objetivo apresentar o sistema financeiro nacional,&#8230;<\/p>\n","protected":false},"author":3,"featured_media":0,"comment_status":"closed","ping_status":"closed","sticky":false,"template":"","format":"standard","meta":{"footnotes":""},"categories":[31],"tags":[],"class_list":["post-11432","post","type-post","status-publish","format-standard","hentry","category-noticias"],"_links":{"self":[{"href":"https:\/\/jusprev.org.br\/backup\/wp-json\/wp\/v2\/posts\/11432","targetHints":{"allow":["GET"]}}],"collection":[{"href":"https:\/\/jusprev.org.br\/backup\/wp-json\/wp\/v2\/posts"}],"about":[{"href":"https:\/\/jusprev.org.br\/backup\/wp-json\/wp\/v2\/types\/post"}],"author":[{"embeddable":true,"href":"https:\/\/jusprev.org.br\/backup\/wp-json\/wp\/v2\/users\/3"}],"replies":[{"embeddable":true,"href":"https:\/\/jusprev.org.br\/backup\/wp-json\/wp\/v2\/comments?post=11432"}],"version-history":[{"count":0,"href":"https:\/\/jusprev.org.br\/backup\/wp-json\/wp\/v2\/posts\/11432\/revisions"}],"wp:attachment":[{"href":"https:\/\/jusprev.org.br\/backup\/wp-json\/wp\/v2\/media?parent=11432"}],"wp:term":[{"taxonomy":"category","embeddable":true,"href":"https:\/\/jusprev.org.br\/backup\/wp-json\/wp\/v2\/categories?post=11432"},{"taxonomy":"post_tag","embeddable":true,"href":"https:\/\/jusprev.org.br\/backup\/wp-json\/wp\/v2\/tags?post=11432"}],"curies":[{"name":"wp","href":"https:\/\/api.w.org\/{rel}","templated":true}]}}