{"id":11458,"date":"2019-03-25T17:01:27","date_gmt":"2019-03-25T20:01:27","guid":{"rendered":"https:\/\/jusprev.org.br\/backup\/?p=11458"},"modified":"2019-03-25T17:01:27","modified_gmt":"2019-03-25T20:01:27","slug":"eleicoes-participantes-que-desejam-integrar-os-conselhos-deliberativo-e-fiscal-da-jusprev-podem-se-candidatar-ate-10-de-maio","status":"publish","type":"post","link":"https:\/\/jusprev.org.br\/backup\/eleicoes-participantes-que-desejam-integrar-os-conselhos-deliberativo-e-fiscal-da-jusprev-podem-se-candidatar-ate-10-de-maio\/","title":{"rendered":"Elei\u00e7\u00f5es: Participantes que desejam integrar os conselhos Deliberativo e Fiscal da JUSPREV podem se candidatar at\u00e9 10 de maio"},"content":{"rendered":"<p>Participantes e assistidos da JUSPREV eleger\u00e3o, neste ano, seus novos representantes nos Conselhos Deliberativo e Fiscal. Ser\u00e3o preenchidas quatro vagas para o Conselho Deliberativo (2 titulares e 2 suplentes) e duas vagas para o Conselho Fiscal (1 titular e 1 suplente), para mandato de quatro anos, com posse em 16 de agosto de 2019.<\/p>\n<p>Para formalizar a candidatura, os participantes interessados devem imprimir a ficha de inscri\u00e7\u00e3o disponibilizada no link abaixo e encaminhar \u00e0 JUSPREV via carta registrada ou meio eletr\u00f4nico. Para estarem aptos \u00e0 candidatura, \u00e9 necess\u00e1rio atender aos requisitos estabelecidos no Regimento Eleitoral e tamb\u00e9m no Edital de Convoca\u00e7\u00e3o das Elei\u00e7\u00f5es. <\/p>\n<p><strong>As inscri\u00e7\u00f5es dos candidatos<\/strong> poder\u00e3o ser realizadas no per\u00edodo de <strong>22 de abril a 10 de maio<\/strong>.<\/p>\n<p>A vota\u00e7\u00e3o ser\u00e1 eletr\u00f4nica, facultativa e realizada diretamente no site da JUSPREV.<\/p>\n<p><strong><a href=\"https:\/\/jusprev.org.br\/backup\/?page_id=11442\">Confira aqui\u00a0<\/a>os documentos referentes ao processo de Elei\u00e7\u00e3o.\u00a0<\/strong><\/p>\n<p>D\u00favidas ou informa\u00e7\u00f5es: <a href=\"mailto:jusprev@jusprev.org.br\">jusprev@jusprev.org.br<\/a>\u00a0| 0800 052 3434<\/p>\n","protected":false},"excerpt":{"rendered":"<p>Participantes e assistidos da JUSPREV eleger\u00e3o, neste ano, seus novos representantes nos Conselhos Deliberativo e Fiscal. Ser\u00e3o preenchidas quatro vagas para o Conselho Deliberativo (2 titulares e 2 suplentes) e&#8230;<\/p>\n","protected":false},"author":3,"featured_media":0,"comment_status":"closed","ping_status":"closed","sticky":false,"template":"","format":"standard","meta":{"footnotes":""},"categories":[31],"tags":[],"class_list":["post-11458","post","type-post","status-publish","format-standard","hentry","category-noticias"],"_links":{"self":[{"href":"https:\/\/jusprev.org.br\/backup\/wp-json\/wp\/v2\/posts\/11458","targetHints":{"allow":["GET"]}}],"collection":[{"href":"https:\/\/jusprev.org.br\/backup\/wp-json\/wp\/v2\/posts"}],"about":[{"href":"https:\/\/jusprev.org.br\/backup\/wp-json\/wp\/v2\/types\/post"}],"author":[{"embeddable":true,"href":"https:\/\/jusprev.org.br\/backup\/wp-json\/wp\/v2\/users\/3"}],"replies":[{"embeddable":true,"href":"https:\/\/jusprev.org.br\/backup\/wp-json\/wp\/v2\/comments?post=11458"}],"version-history":[{"count":0,"href":"https:\/\/jusprev.org.br\/backup\/wp-json\/wp\/v2\/posts\/11458\/revisions"}],"wp:attachment":[{"href":"https:\/\/jusprev.org.br\/backup\/wp-json\/wp\/v2\/media?parent=11458"}],"wp:term":[{"taxonomy":"category","embeddable":true,"href":"https:\/\/jusprev.org.br\/backup\/wp-json\/wp\/v2\/categories?post=11458"},{"taxonomy":"post_tag","embeddable":true,"href":"https:\/\/jusprev.org.br\/backup\/wp-json\/wp\/v2\/tags?post=11458"}],"curies":[{"name":"wp","href":"https:\/\/api.w.org\/{rel}","templated":true}]}}