{"id":11476,"date":"2019-03-28T14:39:37","date_gmt":"2019-03-28T17:39:37","guid":{"rendered":"https:\/\/jusprev.org.br\/backup\/?p=11476"},"modified":"2019-03-28T14:39:37","modified_gmt":"2019-03-28T17:39:37","slug":"confira-as-ultimas-alteracoes-no-estatuto-da-jusprev","status":"publish","type":"post","link":"https:\/\/jusprev.org.br\/backup\/confira-as-ultimas-alteracoes-no-estatuto-da-jusprev\/","title":{"rendered":"Confira as \u00faltimas altera\u00e7\u00f5es no Estatuto da JUSPREV"},"content":{"rendered":"<p>A Superintend\u00eancia Nacional de Previd\u00eancia Complementar \u2013 Previc &#8211; aprovou, por meio da portaria n\u00ba 244, de 25 de mar\u00e7o de 2019, altera\u00e7\u00f5es no Estatuto da JUSPREV.<\/p>\n<p>Confira abaixo, destacado em vermelho, quais foram essas altera\u00e7\u00f5es. Se preferir, acesse o documento completo <a href=\"https:\/\/jusprev.org.br\/backup\/wp-content\/uploads\/2019\/03\/Alteracoes_estatuto_Jusprev_26_03_18.pdf\">aqui.<\/a><\/p>\n<p>Em caso de d\u00favidas ou mais informa\u00e7\u00f5es, entre em contato com a JUSPREV por meio da Central de Relacionamento com o Participante: 0800 052 3434 \/ <a href=\"mailto:relacionamento@jusprev.org.br\">relacionamento@jusprev.org.br<\/a><\/p>\n<p><img loading=\"lazy\" decoding=\"async\" class=\"alignleft size-large wp-image-11477\" src=\"https:\/\/jusprev.org.br\/backup\/wp-content\/uploads\/2019\/03\/alteracao_1-1024x631.jpg\" alt=\"alteracao_1\" width=\"926\" height=\"571\" \/><\/p>\n<p><img loading=\"lazy\" decoding=\"async\" class=\"alignleft size-large wp-image-11478\" src=\"https:\/\/jusprev.org.br\/backup\/wp-content\/uploads\/2019\/03\/alteracao_parte2-1024x521.jpg\" alt=\"alteracao_parte2\" width=\"926\" height=\"471\" \/><\/p>\n","protected":false},"excerpt":{"rendered":"<p>A Superintend\u00eancia Nacional de Previd\u00eancia Complementar \u2013 Previc &#8211; aprovou, por meio da portaria n\u00ba 244, de 25 de mar\u00e7o de 2019, altera\u00e7\u00f5es no Estatuto da JUSPREV. Confira abaixo, destacado&#8230;<\/p>\n","protected":false},"author":3,"featured_media":0,"comment_status":"closed","ping_status":"closed","sticky":false,"template":"","format":"standard","meta":{"footnotes":""},"categories":[31],"tags":[],"class_list":["post-11476","post","type-post","status-publish","format-standard","hentry","category-noticias"],"_links":{"self":[{"href":"https:\/\/jusprev.org.br\/backup\/wp-json\/wp\/v2\/posts\/11476","targetHints":{"allow":["GET"]}}],"collection":[{"href":"https:\/\/jusprev.org.br\/backup\/wp-json\/wp\/v2\/posts"}],"about":[{"href":"https:\/\/jusprev.org.br\/backup\/wp-json\/wp\/v2\/types\/post"}],"author":[{"embeddable":true,"href":"https:\/\/jusprev.org.br\/backup\/wp-json\/wp\/v2\/users\/3"}],"replies":[{"embeddable":true,"href":"https:\/\/jusprev.org.br\/backup\/wp-json\/wp\/v2\/comments?post=11476"}],"version-history":[{"count":0,"href":"https:\/\/jusprev.org.br\/backup\/wp-json\/wp\/v2\/posts\/11476\/revisions"}],"wp:attachment":[{"href":"https:\/\/jusprev.org.br\/backup\/wp-json\/wp\/v2\/media?parent=11476"}],"wp:term":[{"taxonomy":"category","embeddable":true,"href":"https:\/\/jusprev.org.br\/backup\/wp-json\/wp\/v2\/categories?post=11476"},{"taxonomy":"post_tag","embeddable":true,"href":"https:\/\/jusprev.org.br\/backup\/wp-json\/wp\/v2\/tags?post=11476"}],"curies":[{"name":"wp","href":"https:\/\/api.w.org\/{rel}","templated":true}]}}