{"id":11493,"date":"2019-04-01T15:49:54","date_gmt":"2019-04-01T18:49:54","guid":{"rendered":"https:\/\/jusprev.org.br\/backup\/?p=11493"},"modified":"2019-04-01T15:49:54","modified_gmt":"2019-04-01T18:49:54","slug":"jusprev-participa-do-xxiv-congresso-nacional-dos-procuradores-do-trabalho","status":"publish","type":"post","link":"https:\/\/jusprev.org.br\/backup\/jusprev-participa-do-xxiv-congresso-nacional-dos-procuradores-do-trabalho\/","title":{"rendered":"JUSPREV participa do XXIV Congresso Nacional dos Procuradores do Trabalho"},"content":{"rendered":"<p><img loading=\"lazy\" decoding=\"async\" class=\"aligncenter wp-image-11494\" src=\"https:\/\/jusprev.org.br\/backup\/wp-content\/uploads\/2019\/04\/55726323_1022259551296200_5867235710737580032_o-1-1024x768.jpg\" alt=\"55726323_1022259551296200_5867235710737580032_o (1)\" width=\"502\" height=\"377\" \/><\/p>\n<p>A JUSPREV esteve presente no XXIV Congresso Nacional dos Procuradores do Trabalho, realizado entre os dias 28 e 31 de mar\u00e7o, em S\u00e3o Paulo. Durante o evento, os congressistas conheceram mais sobre o plano de benef\u00edcios previdenci\u00e1rios PLANJUS e seus benef\u00edcios, em palestra realizada pela gerente da JUSPREV, Deborah Maggio e a Diretora-presidente da Entidade, Antonia L\u00e9lia Neves Sanches.<\/p>\n<p>O evento foi promovido pela Associa\u00e7\u00e3o Nacional dos Procuradores do Trabalho (ANPT), que \u00e9 uma das Associa\u00e7\u00f5es Instituidoras da JUSPREV. Um estande foi montado no local do Congresso para atendimento exclusivo aos participantes. A consultora previdenci\u00e1ria Carolina Dutra esteve no evento para realizar esse primeiro atendimento, explicar detalhes do PLANJUS e processo de ades\u00e3o.<\/p>\n<p><a href=\"https:\/\/jusprev.org.br\/backup\/?page_id=5345\">Saiba mais<\/a> sobre\u00a0as vantagens\u00a0do plano de benef\u00edcios previdenci\u00e1rios da JUSPREV.<\/p>\n","protected":false},"excerpt":{"rendered":"<p>A JUSPREV esteve presente no XXIV Congresso Nacional dos Procuradores do Trabalho, realizado entre os dias 28 e 31 de mar\u00e7o, em S\u00e3o Paulo. Durante o evento, os congressistas conheceram&#8230;<\/p>\n","protected":false},"author":3,"featured_media":0,"comment_status":"closed","ping_status":"closed","sticky":false,"template":"","format":"standard","meta":{"footnotes":""},"categories":[31],"tags":[],"class_list":["post-11493","post","type-post","status-publish","format-standard","hentry","category-noticias"],"_links":{"self":[{"href":"https:\/\/jusprev.org.br\/backup\/wp-json\/wp\/v2\/posts\/11493","targetHints":{"allow":["GET"]}}],"collection":[{"href":"https:\/\/jusprev.org.br\/backup\/wp-json\/wp\/v2\/posts"}],"about":[{"href":"https:\/\/jusprev.org.br\/backup\/wp-json\/wp\/v2\/types\/post"}],"author":[{"embeddable":true,"href":"https:\/\/jusprev.org.br\/backup\/wp-json\/wp\/v2\/users\/3"}],"replies":[{"embeddable":true,"href":"https:\/\/jusprev.org.br\/backup\/wp-json\/wp\/v2\/comments?post=11493"}],"version-history":[{"count":0,"href":"https:\/\/jusprev.org.br\/backup\/wp-json\/wp\/v2\/posts\/11493\/revisions"}],"wp:attachment":[{"href":"https:\/\/jusprev.org.br\/backup\/wp-json\/wp\/v2\/media?parent=11493"}],"wp:term":[{"taxonomy":"category","embeddable":true,"href":"https:\/\/jusprev.org.br\/backup\/wp-json\/wp\/v2\/categories?post=11493"},{"taxonomy":"post_tag","embeddable":true,"href":"https:\/\/jusprev.org.br\/backup\/wp-json\/wp\/v2\/tags?post=11493"}],"curies":[{"name":"wp","href":"https:\/\/api.w.org\/{rel}","templated":true}]}}