{"id":11505,"date":"2019-04-03T14:10:58","date_gmt":"2019-04-03T17:10:58","guid":{"rendered":"https:\/\/jusprev.org.br\/backup\/?p=11505"},"modified":"2019-04-03T14:10:58","modified_gmt":"2019-04-03T17:10:58","slug":"veja-como-preencher-a-declaracao-do-ir-com-as-contribuicoes-para-o-planjus","status":"publish","type":"post","link":"https:\/\/jusprev.org.br\/backup\/veja-como-preencher-a-declaracao-do-ir-com-as-contribuicoes-para-o-planjus\/","title":{"rendered":"Veja como preencher a Declara\u00e7\u00e3o do IR com as contribui\u00e7\u00f5es para o PLANJUS"},"content":{"rendered":"<p><a href=\"https:\/\/jusprev.org.br\/backup\/wp-content\/uploads\/2019\/04\/cartilha_IR_Myrian_Lund_2019.pdf\" rel=\"noopener\" target=\"_blank\"><img loading=\"lazy\" decoding=\"async\" class=\"aligncenter wp-image-11506\" src=\"https:\/\/jusprev.org.br\/backup\/wp-content\/uploads\/2019\/04\/Declara\u00e7\u00e3o_IR.jpg\" alt=\"Declara\u00e7\u00e3o_IR\" width=\"620\" height=\"322\" \/><\/a><\/p>\n<p>&nbsp;<\/p>\n<p>Participante,<\/p>\n<p>A Receita Federal comunicou que o prazo para a entrega da Declara\u00e7\u00e3o do Imposto de Renda 2019 \u00e9 at\u00e9 o <strong>dia 30 de abril<\/strong>. Os Informes de Rendimentos, exerc\u00edcio 2018, j\u00e1 est\u00e3o dispon\u00edveis para acesso no <a href=\"https:\/\/www.meufuturo.net.br\/jusprev\/\">Portal Meu Futuro<\/a>, exclusivo do participante. O documento tamb\u00e9m pode ser solicitado por e-mail: <a href=\"mailto:relacionamento@jusprev.org.br\">relacionamento@jusprev.org.br<\/a><\/p>\n<p><strong>D\u00favidas na hora de declarar as suas contribui\u00e7\u00f5es para o PLANJUS?<\/strong><\/p>\n<p><a href=\"https:\/\/jusprev.org.br\/backup\/wp-content\/uploads\/2019\/04\/cartilha_IR_Myrian_Lund_2019.pdf\">Acesse\u00a0aqui <\/a>a cartilha produzida pela especialista em finan\u00e7as, professora Myrian Lund, para ajudar nao preenchimento da declara\u00e7\u00e3o do Imposto de Renda.<\/p>\n<p>&nbsp;<\/p>\n<p>&nbsp;<\/p>\n","protected":false},"excerpt":{"rendered":"<p>&nbsp; Participante, A Receita Federal comunicou que o prazo para a entrega da Declara\u00e7\u00e3o do Imposto de Renda 2019 \u00e9 at\u00e9 o dia 30 de abril. Os Informes de Rendimentos,&#8230;<\/p>\n","protected":false},"author":3,"featured_media":0,"comment_status":"closed","ping_status":"closed","sticky":false,"template":"","format":"standard","meta":{"footnotes":""},"categories":[31],"tags":[],"class_list":["post-11505","post","type-post","status-publish","format-standard","hentry","category-noticias"],"_links":{"self":[{"href":"https:\/\/jusprev.org.br\/backup\/wp-json\/wp\/v2\/posts\/11505","targetHints":{"allow":["GET"]}}],"collection":[{"href":"https:\/\/jusprev.org.br\/backup\/wp-json\/wp\/v2\/posts"}],"about":[{"href":"https:\/\/jusprev.org.br\/backup\/wp-json\/wp\/v2\/types\/post"}],"author":[{"embeddable":true,"href":"https:\/\/jusprev.org.br\/backup\/wp-json\/wp\/v2\/users\/3"}],"replies":[{"embeddable":true,"href":"https:\/\/jusprev.org.br\/backup\/wp-json\/wp\/v2\/comments?post=11505"}],"version-history":[{"count":0,"href":"https:\/\/jusprev.org.br\/backup\/wp-json\/wp\/v2\/posts\/11505\/revisions"}],"wp:attachment":[{"href":"https:\/\/jusprev.org.br\/backup\/wp-json\/wp\/v2\/media?parent=11505"}],"wp:term":[{"taxonomy":"category","embeddable":true,"href":"https:\/\/jusprev.org.br\/backup\/wp-json\/wp\/v2\/categories?post=11505"},{"taxonomy":"post_tag","embeddable":true,"href":"https:\/\/jusprev.org.br\/backup\/wp-json\/wp\/v2\/tags?post=11505"}],"curies":[{"name":"wp","href":"https:\/\/api.w.org\/{rel}","templated":true}]}}