{"id":11513,"date":"2019-04-04T15:32:40","date_gmt":"2019-04-04T18:32:40","guid":{"rendered":"https:\/\/jusprev.org.br\/backup\/?p=11513"},"modified":"2019-04-04T15:32:40","modified_gmt":"2019-04-04T18:32:40","slug":"coberturas-de-risco-quando-e-importante-aderir","status":"publish","type":"post","link":"https:\/\/jusprev.org.br\/backup\/coberturas-de-risco-quando-e-importante-aderir\/","title":{"rendered":"Coberturas de Risco: Quando \u00e9 importante aderir?"},"content":{"rendered":"<p><img loading=\"lazy\" decoding=\"async\" class=\"alignleft size-medium wp-image-11515\" src=\"https:\/\/jusprev.org.br\/backup\/wp-content\/uploads\/2019\/04\/Foto_risco-300x199.jpg\" alt=\"Foto_risco\" width=\"300\" height=\"199\" \/>Os participantes da JUSPREV que contribuem mensalmente para a <strong>Renda Mensal Programada<\/strong>, que se destina \u00e0 aposentadoria, tamb\u00e9m podem fazer ades\u00e3o \u00e0s coberturas de risco do PLANJUS: <strong>Renda Mensal por Morte e\/ou Renda Mensal por Invalidez<\/strong>. Elas possibilitam prote\u00e7\u00e3o a longo prazo para o participante e para seus benefici\u00e1rios, no caso de alguma fatalidade. Por isso, elas s\u00e3o\u00a0t\u00e3o importantes quanto a Renda Mensal Programada, destinada \u00e0 aposentadoria.<\/p>\n<p>As coberturas de risco s\u00e3o essenciais quando o assunto \u00e9 prote\u00e7\u00e3o e seguran\u00e7a aos que mais amamos! Conhe\u00e7a algumas caracter\u00edsticas das coberturas de risco do PLANJUS:<\/p>\n<p><strong>Prote\u00e7\u00e3o a longo prazo<\/strong><br \/>\nAo aderir as coberturas de risco, o participante garante prote\u00e7\u00e3o financeira para si e para seus benefici\u00e1rios, j\u00e1 que o valor do pec\u00falio contratado, em caso de alguma fatalidade, soma-se ao saldo individual acumulado para a previd\u00eancia e \u00e9 convertido em forma de renda mensal. Em geral, em bancos e seguradoras, as coberturas de risco t\u00eam um car\u00e1ter indenizat\u00f3rio, s\u00e3o entregues ao benefici\u00e1rio de uma \u00fanica vez e n\u00e3o visam a prote\u00e7\u00e3o a longo prazo, como \u00e9 na JUSPREV.<\/p>\n<p>Um exemplo \u00e9 um participante que tenha acumulado 100 mil reais na sua Renda Mensal Programada e tenha um pec\u00falio contratado de Renda Mensal por Invalidez de 500 mil reais. No caso de alguma fatalidade, esse valor soma-se aos 100 mil da Renda Mensal Programada, totalizando 600 mil reais, que ser\u00e3o convertidos em formato de renda mensal ao(s) benefici\u00e1rio(s).<\/p>\n<p><strong>Posso resgatar as contribui\u00e7\u00f5es de risco? <\/strong><br \/>\nOs valores das contribui\u00e7\u00f5es mensais para as coberturas de risco do PLANJUS (Renda Mensal por Morte e Renda Mensal por Invalidez) n\u00e3o s\u00e3o resgat\u00e1veis. Neste ponto, \u00e9 similar a um seguro tradicional. Mas diferente dos seguros ofertados por bancos e seguradoras, essas contribui\u00e7\u00f5es mensais s\u00e3o dedut\u00edveis de imposto de renda. Ou seja, contam para a dedu\u00e7\u00e3o de at\u00e9 12% da renda anual bruta no IR.<br \/>\n<strong><br \/>\nPosso utilizar o valor das contribui\u00e7\u00f5es de risco para a dedu\u00e7\u00e3o do IR? <\/strong><br \/>\nJ\u00e1 adiantamos esse ponto, mas vale ressaltar novamente. As contribui\u00e7\u00f5es para a Renda Mensal por Morte e para a Renda Mensal por Invalidez s\u00e3o dedut\u00edveis de Imposto de Renda, podendo chegar at\u00e9 o valor de 12% da renda bruta anual.<\/p>\n<p><strong>Rentabilidade e seguran\u00e7a <\/strong><br \/>\nO pec\u00falio contratado, ao ser convertido em renda para o(s) benefici\u00e1rio(os) no caso de alguma fatalidade, ter\u00e1 uma parte destinada a renda mensal e o restante continuar\u00e1 obtendo rentabilidade de forma segura nos investimentos realizados pela JUSPREV. O resultado \u00e9 prote\u00e7\u00e3o e seguran\u00e7a a longo prazo, com mais rentabilidade. Em caso de falecimento dos benefici\u00e1rios, o saldo remanescente \u00e9 repassado aos seus herdeiros. Nenhum desses valores ficar\u00e1 na JUSPREV.<\/p>\n<p>&nbsp;<\/p>\n<p><strong>Ficou interessado(a)? Fale com a gente para aderir: consultoria@jusprev.org.br \/ 0800 052 3434<\/strong><\/p>\n","protected":false},"excerpt":{"rendered":"<p>Os participantes da JUSPREV que contribuem mensalmente para a Renda Mensal Programada, que se destina \u00e0 aposentadoria, tamb\u00e9m podem fazer ades\u00e3o \u00e0s coberturas de risco do PLANJUS: Renda Mensal por&#8230;<\/p>\n","protected":false},"author":3,"featured_media":0,"comment_status":"closed","ping_status":"closed","sticky":false,"template":"","format":"standard","meta":{"footnotes":""},"categories":[31],"tags":[],"class_list":["post-11513","post","type-post","status-publish","format-standard","hentry","category-noticias"],"_links":{"self":[{"href":"https:\/\/jusprev.org.br\/backup\/wp-json\/wp\/v2\/posts\/11513","targetHints":{"allow":["GET"]}}],"collection":[{"href":"https:\/\/jusprev.org.br\/backup\/wp-json\/wp\/v2\/posts"}],"about":[{"href":"https:\/\/jusprev.org.br\/backup\/wp-json\/wp\/v2\/types\/post"}],"author":[{"embeddable":true,"href":"https:\/\/jusprev.org.br\/backup\/wp-json\/wp\/v2\/users\/3"}],"replies":[{"embeddable":true,"href":"https:\/\/jusprev.org.br\/backup\/wp-json\/wp\/v2\/comments?post=11513"}],"version-history":[{"count":0,"href":"https:\/\/jusprev.org.br\/backup\/wp-json\/wp\/v2\/posts\/11513\/revisions"}],"wp:attachment":[{"href":"https:\/\/jusprev.org.br\/backup\/wp-json\/wp\/v2\/media?parent=11513"}],"wp:term":[{"taxonomy":"category","embeddable":true,"href":"https:\/\/jusprev.org.br\/backup\/wp-json\/wp\/v2\/categories?post=11513"},{"taxonomy":"post_tag","embeddable":true,"href":"https:\/\/jusprev.org.br\/backup\/wp-json\/wp\/v2\/tags?post=11513"}],"curies":[{"name":"wp","href":"https:\/\/api.w.org\/{rel}","templated":true}]}}