{"id":11522,"date":"2019-04-11T15:03:48","date_gmt":"2019-04-11T18:03:48","guid":{"rendered":"https:\/\/jusprev.org.br\/backup\/?p=11522"},"modified":"2019-04-11T15:03:48","modified_gmt":"2019-04-11T18:03:48","slug":"jusprev-e-apresentada-em-reuniao-da-anadep","status":"publish","type":"post","link":"https:\/\/jusprev.org.br\/backup\/jusprev-e-apresentada-em-reuniao-da-anadep\/","title":{"rendered":"JUSPREV \u00e9 apresentada em reuni\u00e3o da ANADEP"},"content":{"rendered":"<p><img loading=\"lazy\" decoding=\"async\" src=\"https:\/\/jusprev.org.br\/backup\/wp-content\/uploads\/2019\/04\/f4ea18e3-5576-4e7a-984f-8043abdd4c7f-300x225.jpg\" alt=\"f4ea18e3-5576-4e7a-984f-8043abdd4c7f\" width=\"300\" height=\"225\" class=\"aligncenter size-medium wp-image-11523\" \/><\/p>\n<p>Na \u00faltima ter\u00e7a-feira, dia 09\/04, a JUSPREV esteve presente na reuni\u00e3o da Diretoria da Associa\u00e7\u00e3o Nacional das Defensoras e dos Defensores P\u00fablicos \u2013 ANADEP para apresentar o PLANJUS, que \u00e9 o plano de benef\u00edcios previdenci\u00e1rios da Entidade. Na ocasi\u00e3o, a gerente da JUSPREV, Deborah Maggio, apresentou as vantagens do plano e como os associados da ANADEP podem aderir \u00e0 JUSPREV. <\/p>\n<p>A ANADEP faz parte do Col\u00e9gio de Instituidoras da JUSPREV, que possui mais de 70 Associa\u00e7\u00f5es de Carreiras Jur\u00eddicas P\u00fablicas e de Auditoria Fiscal da Receita Federal do Brasil. Em mais de 10 anos de exist\u00eancia, a Entidade vem crescendo e se consolidando como a previd\u00eancia que traz na sua hist\u00f3ria a for\u00e7a e a uni\u00e3o associativa para oferecer uma aposentadoria segura e transparente aos seus participantes. <\/p>\n<p><a href=\"https:\/\/jusprev.org.br\/backup\/?page_id=5345\" rel=\"noopener\" target=\"_blank\">Saiba mais sobre o plano da JUSPREV e como aderir. <\/a><\/p>\n","protected":false},"excerpt":{"rendered":"<p>Na \u00faltima ter\u00e7a-feira, dia 09\/04, a JUSPREV esteve presente na reuni\u00e3o da Diretoria da Associa\u00e7\u00e3o Nacional das Defensoras e dos Defensores P\u00fablicos \u2013 ANADEP para apresentar o PLANJUS, que \u00e9&#8230;<\/p>\n","protected":false},"author":3,"featured_media":0,"comment_status":"closed","ping_status":"closed","sticky":false,"template":"","format":"standard","meta":{"footnotes":""},"categories":[31],"tags":[],"class_list":["post-11522","post","type-post","status-publish","format-standard","hentry","category-noticias"],"_links":{"self":[{"href":"https:\/\/jusprev.org.br\/backup\/wp-json\/wp\/v2\/posts\/11522","targetHints":{"allow":["GET"]}}],"collection":[{"href":"https:\/\/jusprev.org.br\/backup\/wp-json\/wp\/v2\/posts"}],"about":[{"href":"https:\/\/jusprev.org.br\/backup\/wp-json\/wp\/v2\/types\/post"}],"author":[{"embeddable":true,"href":"https:\/\/jusprev.org.br\/backup\/wp-json\/wp\/v2\/users\/3"}],"replies":[{"embeddable":true,"href":"https:\/\/jusprev.org.br\/backup\/wp-json\/wp\/v2\/comments?post=11522"}],"version-history":[{"count":0,"href":"https:\/\/jusprev.org.br\/backup\/wp-json\/wp\/v2\/posts\/11522\/revisions"}],"wp:attachment":[{"href":"https:\/\/jusprev.org.br\/backup\/wp-json\/wp\/v2\/media?parent=11522"}],"wp:term":[{"taxonomy":"category","embeddable":true,"href":"https:\/\/jusprev.org.br\/backup\/wp-json\/wp\/v2\/categories?post=11522"},{"taxonomy":"post_tag","embeddable":true,"href":"https:\/\/jusprev.org.br\/backup\/wp-json\/wp\/v2\/tags?post=11522"}],"curies":[{"name":"wp","href":"https:\/\/api.w.org\/{rel}","templated":true}]}}