{"id":11530,"date":"2019-04-22T16:44:35","date_gmt":"2019-04-22T19:44:35","guid":{"rendered":"https:\/\/jusprev.org.br\/backup\/?p=11530"},"modified":"2019-04-22T16:44:35","modified_gmt":"2019-04-22T19:44:35","slug":"eleicoes-jusprev-2019-inscricoes-abertas-ate-o-dia-10-de-maio","status":"publish","type":"post","link":"https:\/\/jusprev.org.br\/backup\/eleicoes-jusprev-2019-inscricoes-abertas-ate-o-dia-10-de-maio\/","title":{"rendered":"Elei\u00e7\u00f5es JUSPREV 2019: Inscri\u00e7\u00f5es abertas at\u00e9 o dia 10 de maio"},"content":{"rendered":"<div id=\"attachment_11535\" style=\"width: 310px\" class=\"wp-caption aligncenter\"><img loading=\"lazy\" decoding=\"async\" aria-describedby=\"caption-attachment-11535\" src=\"https:\/\/jusprev.org.br\/backup\/wp-content\/uploads\/2019\/04\/Eleicoes_jusprev-300x200.jpg\" alt=\"Ficha de inscri\u00e7\u00e3o est\u00e1 dispon\u00edvel no \u00edcone &quot;Elei\u00e7\u00f5es 2019&quot;, no site da Entidade\" width=\"300\" height=\"200\" class=\"size-medium wp-image-11535\" \/><p id=\"caption-attachment-11535\" class=\"wp-caption-text\">Ficha de inscri\u00e7\u00e3o est\u00e1 dispon\u00edvel no \u00edcone &#8220;Elei\u00e7\u00f5es 2019&#8221;, no site da Entidade<\/p><\/div>\n<p>Participantes e assistidos da JUSPREV que desejam integrar o Conselho Deliberativo ou o Conselho Fiscal da Entidade podem se candidatar at\u00e9 o dia 10 de maio de 2019. As inscri\u00e7\u00f5es come\u00e7aram nesta segunda-feira, dia 22 de abril. Ser\u00e3o preenchidas quatro vagas para o Conselho Deliberativo (2 titulares e 2 suplentes) e duas vagas para o Conselho Fiscal (1 titular e 1 suplente), para mandato de quatro anos, com posse em 16 de agosto de 2019.<\/p>\n<p>Para formalizar a candidatura, os participantes interessados devem imprimir a <a href=\"https:\/\/jusprev.org.br\/backup\/?page_id=11442\" rel=\"noopener\" target=\"_blank\">ficha de inscri\u00e7\u00e3o disponibilizada aqui <\/a>e encaminhar \u00e0 JUSPREV via carta registrada ou meio eletr\u00f4nico (jusprev@jusprev.org.br). Para estarem aptos \u00e0 candidatura, \u00e9 necess\u00e1rio atender aos requisitos estabelecidos no Regimento Eleitoral e tamb\u00e9m no Edital de Convoca\u00e7\u00e3o das Elei\u00e7\u00f5es.<\/p>\n<p>A vota\u00e7\u00e3o ser\u00e1 eletr\u00f4nica, facultativa e realizada diretamente no site da JUSPREV.<\/p>\n<p><a href=\"https:\/\/jusprev.org.br\/backup\/?page_id=11442\" rel=\"noopener\" target=\"_blank\">Confira aqui os documentos referentes ao processo de Elei\u00e7\u00e3o. <\/a><\/p>\n<p>D\u00favidas ou informa\u00e7\u00f5es: jusprev@jusprev.org.br | 0800 052 3434<\/p>\n","protected":false},"excerpt":{"rendered":"<p>Participantes e assistidos da JUSPREV que desejam integrar o Conselho Deliberativo ou o Conselho Fiscal da Entidade podem se candidatar at\u00e9 o dia 10 de maio de 2019. As inscri\u00e7\u00f5es&#8230;<\/p>\n","protected":false},"author":3,"featured_media":0,"comment_status":"closed","ping_status":"closed","sticky":false,"template":"","format":"standard","meta":{"footnotes":""},"categories":[31],"tags":[],"class_list":["post-11530","post","type-post","status-publish","format-standard","hentry","category-noticias"],"_links":{"self":[{"href":"https:\/\/jusprev.org.br\/backup\/wp-json\/wp\/v2\/posts\/11530","targetHints":{"allow":["GET"]}}],"collection":[{"href":"https:\/\/jusprev.org.br\/backup\/wp-json\/wp\/v2\/posts"}],"about":[{"href":"https:\/\/jusprev.org.br\/backup\/wp-json\/wp\/v2\/types\/post"}],"author":[{"embeddable":true,"href":"https:\/\/jusprev.org.br\/backup\/wp-json\/wp\/v2\/users\/3"}],"replies":[{"embeddable":true,"href":"https:\/\/jusprev.org.br\/backup\/wp-json\/wp\/v2\/comments?post=11530"}],"version-history":[{"count":0,"href":"https:\/\/jusprev.org.br\/backup\/wp-json\/wp\/v2\/posts\/11530\/revisions"}],"wp:attachment":[{"href":"https:\/\/jusprev.org.br\/backup\/wp-json\/wp\/v2\/media?parent=11530"}],"wp:term":[{"taxonomy":"category","embeddable":true,"href":"https:\/\/jusprev.org.br\/backup\/wp-json\/wp\/v2\/categories?post=11530"},{"taxonomy":"post_tag","embeddable":true,"href":"https:\/\/jusprev.org.br\/backup\/wp-json\/wp\/v2\/tags?post=11530"}],"curies":[{"name":"wp","href":"https:\/\/api.w.org\/{rel}","templated":true}]}}