{"id":11543,"date":"2019-04-26T11:17:54","date_gmt":"2019-04-26T14:17:54","guid":{"rendered":"https:\/\/jusprev.org.br\/backup\/?p=11543"},"modified":"2019-04-26T11:17:54","modified_gmt":"2019-04-26T14:17:54","slug":"em-informe-estatistico-da-previc-jusprev-esta-entre-os-10-maiores-fundos-instituidos-do-brasil","status":"publish","type":"post","link":"https:\/\/jusprev.org.br\/backup\/em-informe-estatistico-da-previc-jusprev-esta-entre-os-10-maiores-fundos-instituidos-do-brasil\/","title":{"rendered":"Em Informe Estat\u00edstico da PREVIC, JUSPREV est\u00e1 entre os 10 maiores fundos institu\u00eddos do Brasil"},"content":{"rendered":"<p><img loading=\"lazy\" decoding=\"async\" class=\"alignleft size-medium wp-image-11544\" src=\"https:\/\/jusprev.org.br\/backup\/wp-content\/uploads\/2019\/04\/informe_previc-212x300.jpg\" alt=\"informe_previc\" width=\"212\" height=\"300\" \/><em>JUSPREV ocupa a 6\u00aa posi\u00e7\u00e3o no ranking\u00a0<\/em><\/p>\n<p>A Superintend\u00eancia Nacional de Previd\u00eancia Complementar (PREVIC) divulgou o Informe Estat\u00edstico Trimestral &#8211; Dezembro 2018, com n\u00fameros importantes sobre a previd\u00eancia complementar fechada no pa\u00eds. Segundo o \u00f3rg\u00e3o, \u201co resultado agregado das entidades fechadas de previd\u00eancia complementar (EFPC) em 2018 \u00e9 o melhor dos \u00faltimos cinco anos\u201d.<\/p>\n<p><strong>A JUSPREV est\u00e1 entre as 10 maiores entidades fechadas de previd\u00eancia complementar (EFPC<\/strong><strong>) &#8211; Categoria Institu\u00eddos &#8211;\u00a0<\/strong>por ativos, <strong>ocupando o 6\u00ba lugar no ranking geral,<\/strong> com mais de 230 milh\u00f5es em ativos administrados no ano de 2018. O relat\u00f3rio completo pode ser conferido no <strong><a href=\"http:\/\/www.previc.gov.br\/central-de-conteudos\/publicacoes\/informe-estatistico\/informes-de-2018-1\/informe-estatistico-trimestral-4o-trimestre-dezembro-2018.pdf\/view\">site da Previc<\/a>.\u00a0<\/strong><\/p>\n<p>A JUSPREV tem abrang\u00eancia nacional, com mais de 70 Associa\u00e7\u00f5es Instituidoras de Carreiras Jur\u00eddicas P\u00fablicas e de Auditoria Fiscal da Receita Federal do Brasil. Fundada em 2007, a Entidade administra um plano de benef\u00edcios previdenci\u00e1rios, o PLANJUS, que oferta quatro tipos de Rendas: Renda Mensal Programada, Renda Mensal Educacional, Renda Mensal por Morte e Renda Mensal por Invalidez.<\/p>\n<p>Somente em 2018, a JUSPREV recebeu mais de 21 milh\u00f5es em portabilidades e aportes de seus participantes, demonstrando o crescimento da institui\u00e7\u00e3o e a credibilidade a confian\u00e7a no cen\u00e1rio de previd\u00eancia complementar fechada do pa\u00eds.<\/p>\n","protected":false},"excerpt":{"rendered":"<p>JUSPREV ocupa a 6\u00aa posi\u00e7\u00e3o no ranking\u00a0 A Superintend\u00eancia Nacional de Previd\u00eancia Complementar (PREVIC) divulgou o Informe Estat\u00edstico Trimestral &#8211; Dezembro 2018, com n\u00fameros importantes sobre a previd\u00eancia complementar fechada&#8230;<\/p>\n","protected":false},"author":3,"featured_media":0,"comment_status":"closed","ping_status":"closed","sticky":false,"template":"","format":"standard","meta":{"footnotes":""},"categories":[31],"tags":[],"class_list":["post-11543","post","type-post","status-publish","format-standard","hentry","category-noticias"],"_links":{"self":[{"href":"https:\/\/jusprev.org.br\/backup\/wp-json\/wp\/v2\/posts\/11543","targetHints":{"allow":["GET"]}}],"collection":[{"href":"https:\/\/jusprev.org.br\/backup\/wp-json\/wp\/v2\/posts"}],"about":[{"href":"https:\/\/jusprev.org.br\/backup\/wp-json\/wp\/v2\/types\/post"}],"author":[{"embeddable":true,"href":"https:\/\/jusprev.org.br\/backup\/wp-json\/wp\/v2\/users\/3"}],"replies":[{"embeddable":true,"href":"https:\/\/jusprev.org.br\/backup\/wp-json\/wp\/v2\/comments?post=11543"}],"version-history":[{"count":0,"href":"https:\/\/jusprev.org.br\/backup\/wp-json\/wp\/v2\/posts\/11543\/revisions"}],"wp:attachment":[{"href":"https:\/\/jusprev.org.br\/backup\/wp-json\/wp\/v2\/media?parent=11543"}],"wp:term":[{"taxonomy":"category","embeddable":true,"href":"https:\/\/jusprev.org.br\/backup\/wp-json\/wp\/v2\/categories?post=11543"},{"taxonomy":"post_tag","embeddable":true,"href":"https:\/\/jusprev.org.br\/backup\/wp-json\/wp\/v2\/tags?post=11543"}],"curies":[{"name":"wp","href":"https:\/\/api.w.org\/{rel}","templated":true}]}}