{"id":11579,"date":"2019-05-07T14:29:24","date_gmt":"2019-05-07T17:29:24","guid":{"rendered":"https:\/\/jusprev.org.br\/backup\/?p=11579"},"modified":"2019-05-07T14:29:24","modified_gmt":"2019-05-07T17:29:24","slug":"conselheiro-da-jusprev-participa-de-curso-da-uniabrapp","status":"publish","type":"post","link":"https:\/\/jusprev.org.br\/backup\/conselheiro-da-jusprev-participa-de-curso-da-uniabrapp\/","title":{"rendered":"Conselheiro da JUSPREV participa de curso da Uniabrapp"},"content":{"rendered":"<div id=\"attachment_11586\" style=\"width: 310px\" class=\"wp-caption alignleft\"><img loading=\"lazy\" decoding=\"async\" aria-describedby=\"caption-attachment-11586\" class=\"size-medium wp-image-11586\" src=\"https:\/\/jusprev.org.br\/backup\/wp-content\/uploads\/2019\/05\/e9170608-80ae-4386-a059-1f34a2c8d737-2-300x225.jpg\" alt=\"Da esquerda para a direita, Dr. Sandro Loureiro Marones, e o professor do curso da Uniabrapp, Geraldo de Assis Souza Junior\" width=\"300\" height=\"225\" \/><p id=\"caption-attachment-11586\" class=\"wp-caption-text\">Da esquerda para a direita, Dr. Sandro Loureiro Marones, atual Conselheiro Deliberativo da JUSPREV e eleito para o Conselho Fiscal da Entidade, e o professor do curso da Uniabrapp, Geraldo de Assis Souza Junior<\/p><\/div>\n<p>Sandro Loureiro Marones, atual membro do Conselho Deliberativo da JUSPREV e eleito para integrar o Conselho Fiscal da Entidade \u2013 exerc\u00edcio 08\/2019 a 08\/2023 \u2013 participou na \u00faltima semana do curso \u201cTrilha de Contabilidade III | Relat\u00f3rios de Controles Internos Semestrais e Parecer das Demonstra\u00e7\u00f5es Cont\u00e1beis\u201d, realizado pela Universidade Corporativa da Previd\u00eancia Complementar (Uniabrapp), em Bras\u00edlia (DF).<\/p>\n<p>A capacita\u00e7\u00e3o, direcionada aos conselheiros, diretores e t\u00e9cnicos das Entidades Fechadas de Previd\u00eancia Complementar (EFPC), apresentou os aspectos legais e informa\u00e7\u00f5es que devem ser observadas nos Relat\u00f3rios de Controles Internos, que s\u00e3o elaborados pelos Conselhos Fiscais, al\u00e9m do Parecer Anual das Demonstra\u00e7\u00f5es Cont\u00e1beis Consolidadas, dos Planos de Benef\u00edcios Previdenci\u00e1rios e Plano de Gest\u00e3o Administrativa.<\/p>\n<p>A participa\u00e7\u00e3o dos conselheiros em cursos de qualifica\u00e7\u00e3o, como o da Uniabrapp, \u00e9 um dos focos da atual gest\u00e3o, para preparar ainda mais seus dirigentes no setor de previd\u00eancia complementar. \u201cUma experi\u00eancia muito instigante e qualificada nessa nova caminhada, que muito me lisonjeia, junto ao Conselho Fiscal da nossa JUSPREV\u201d, destacou Sandro Marones.<\/p>\n","protected":false},"excerpt":{"rendered":"<p>Sandro Loureiro Marones, atual membro do Conselho Deliberativo da JUSPREV e eleito para integrar o Conselho Fiscal da Entidade \u2013 exerc\u00edcio 08\/2019 a 08\/2023 \u2013 participou na \u00faltima semana do&#8230;<\/p>\n","protected":false},"author":3,"featured_media":0,"comment_status":"closed","ping_status":"closed","sticky":false,"template":"","format":"standard","meta":{"footnotes":""},"categories":[31],"tags":[],"class_list":["post-11579","post","type-post","status-publish","format-standard","hentry","category-noticias"],"_links":{"self":[{"href":"https:\/\/jusprev.org.br\/backup\/wp-json\/wp\/v2\/posts\/11579","targetHints":{"allow":["GET"]}}],"collection":[{"href":"https:\/\/jusprev.org.br\/backup\/wp-json\/wp\/v2\/posts"}],"about":[{"href":"https:\/\/jusprev.org.br\/backup\/wp-json\/wp\/v2\/types\/post"}],"author":[{"embeddable":true,"href":"https:\/\/jusprev.org.br\/backup\/wp-json\/wp\/v2\/users\/3"}],"replies":[{"embeddable":true,"href":"https:\/\/jusprev.org.br\/backup\/wp-json\/wp\/v2\/comments?post=11579"}],"version-history":[{"count":0,"href":"https:\/\/jusprev.org.br\/backup\/wp-json\/wp\/v2\/posts\/11579\/revisions"}],"wp:attachment":[{"href":"https:\/\/jusprev.org.br\/backup\/wp-json\/wp\/v2\/media?parent=11579"}],"wp:term":[{"taxonomy":"category","embeddable":true,"href":"https:\/\/jusprev.org.br\/backup\/wp-json\/wp\/v2\/categories?post=11579"},{"taxonomy":"post_tag","embeddable":true,"href":"https:\/\/jusprev.org.br\/backup\/wp-json\/wp\/v2\/tags?post=11579"}],"curies":[{"name":"wp","href":"https:\/\/api.w.org\/{rel}","templated":true}]}}