{"id":11591,"date":"2019-05-13T14:44:10","date_gmt":"2019-05-13T17:44:10","guid":{"rendered":"https:\/\/jusprev.org.br\/backup\/?p=11591"},"modified":"2019-05-13T14:44:10","modified_gmt":"2019-05-13T17:44:10","slug":"jusprev-realiza-palestra-para-associados-da-ampb-e-amarn","status":"publish","type":"post","link":"https:\/\/jusprev.org.br\/backup\/jusprev-realiza-palestra-para-associados-da-ampb-e-amarn\/","title":{"rendered":"JUSPREV realiza palestra para associados da AMPB e AMARN"},"content":{"rendered":"<p>&nbsp;<\/p>\n<div id=\"attachment_11592\" style=\"width: 310px\" class=\"wp-caption alignleft\"><img loading=\"lazy\" decoding=\"async\" aria-describedby=\"caption-attachment-11592\" class=\"size-medium wp-image-11592\" src=\"https:\/\/jusprev.org.br\/backup\/wp-content\/uploads\/2019\/05\/evento_AMARN-300x195.jpg\" alt=\"Palestra realizada na Associa\u00e7\u00e3o dos Magistrados do Rio Grande do Norte (AMARN)\" width=\"300\" height=\"195\" \/><p id=\"caption-attachment-11592\" class=\"wp-caption-text\">Palestra realizada na Associa\u00e7\u00e3o dos Magistrados do Rio Grande do Norte (AMARN)<\/p><\/div>\n<p>Na \u00faltima semana, a JUSPREV esteve presente em duas Associa\u00e7\u00f5es de Carreiras Jur\u00eddicas. No dia 09 de maio, na Associa\u00e7\u00e3o dos Magistrados da Para\u00edba (AMPB) e no dia 10 de maio, na Associa\u00e7\u00e3o dos Magistrados do Rio Grande do Norte (AMARN). O objetivo foi realizar uma palestra sobre a Previd\u00eancia Associativa,\u00a0 apresentar as vantagens do plano de benef\u00edcios previdenci\u00e1rios, o PLANJUS, e o processo de ades\u00e3o dos associados e seus familiares.<\/p>\n<p>Foram palestrantes nos dois eventos o Presidente da Associa\u00e7\u00e3o Cearense de Magistrados (ACM) e membro eleito do Conselho Deliberativo da JUSPREV, Ricardo Alexandre Costa, e a gerente da JUSPREV, Deborah Maggio.<\/p>\n<p>A AMARN j\u00e1 faz parte do Col\u00e9gio de Instituidoras da JUSPREV e a AMPB est\u00e1 em processo de an\u00e1lise da Superintend\u00eancia Nacional de Previd\u00eancia Complementar (Previc) para tamb\u00e9m se tornar Instituidora. A JUSPREV foi fundada em 2007 e atualmente \u00e9 a maior uni\u00e3o formal de Associa\u00e7\u00f5es de Carreiras Jur\u00eddicas P\u00fablicas e de Auditoria Fiscal da Receita Federal do Brasil, com mais de 80 Entidades em seu Col\u00e9gio de Instituidoras.<\/p>\n<div id=\"attachment_11593\" style=\"width: 310px\" class=\"wp-caption alignleft\"><img loading=\"lazy\" decoding=\"async\" aria-describedby=\"caption-attachment-11593\" class=\"size-medium wp-image-11593\" src=\"https:\/\/jusprev.org.br\/backup\/wp-content\/uploads\/2019\/05\/evento_AMPB-300x240.jpg\" alt=\"Associados da AMPB conheceram mais sobre a JUSPREV\" width=\"300\" height=\"240\" \/><p id=\"caption-attachment-11593\" class=\"wp-caption-text\">Associados da AMPB conheceram mais sobre a JUSPREV<\/p><\/div>\n<p>&nbsp;<\/p>\n<p>&nbsp;<\/p>\n<p>&nbsp;<\/p>\n<p>&nbsp;<\/p>\n<p>&nbsp;<\/p>\n<p>&nbsp;<\/p>\n<p>&nbsp;<\/p>\n<p>&nbsp;<\/p>\n<p>&nbsp;<\/p>\n<p>&nbsp;<\/p>\n<p><a href=\"https:\/\/jusprev.org.br\/backup\/?page_id=5345\">Saiba mais sobre a JUSPREV e o PLANJUS.\u00a0<\/a><\/p>\n","protected":false},"excerpt":{"rendered":"<p>&nbsp; Na \u00faltima semana, a JUSPREV esteve presente em duas Associa\u00e7\u00f5es de Carreiras Jur\u00eddicas. No dia 09 de maio, na Associa\u00e7\u00e3o dos Magistrados da Para\u00edba (AMPB) e no dia 10&#8230;<\/p>\n","protected":false},"author":3,"featured_media":0,"comment_status":"closed","ping_status":"closed","sticky":false,"template":"","format":"standard","meta":{"footnotes":""},"categories":[31],"tags":[],"class_list":["post-11591","post","type-post","status-publish","format-standard","hentry","category-noticias"],"_links":{"self":[{"href":"https:\/\/jusprev.org.br\/backup\/wp-json\/wp\/v2\/posts\/11591","targetHints":{"allow":["GET"]}}],"collection":[{"href":"https:\/\/jusprev.org.br\/backup\/wp-json\/wp\/v2\/posts"}],"about":[{"href":"https:\/\/jusprev.org.br\/backup\/wp-json\/wp\/v2\/types\/post"}],"author":[{"embeddable":true,"href":"https:\/\/jusprev.org.br\/backup\/wp-json\/wp\/v2\/users\/3"}],"replies":[{"embeddable":true,"href":"https:\/\/jusprev.org.br\/backup\/wp-json\/wp\/v2\/comments?post=11591"}],"version-history":[{"count":0,"href":"https:\/\/jusprev.org.br\/backup\/wp-json\/wp\/v2\/posts\/11591\/revisions"}],"wp:attachment":[{"href":"https:\/\/jusprev.org.br\/backup\/wp-json\/wp\/v2\/media?parent=11591"}],"wp:term":[{"taxonomy":"category","embeddable":true,"href":"https:\/\/jusprev.org.br\/backup\/wp-json\/wp\/v2\/categories?post=11591"},{"taxonomy":"post_tag","embeddable":true,"href":"https:\/\/jusprev.org.br\/backup\/wp-json\/wp\/v2\/tags?post=11591"}],"curies":[{"name":"wp","href":"https:\/\/api.w.org\/{rel}","templated":true}]}}