{"id":11911,"date":"2019-07-12T11:23:48","date_gmt":"2019-07-12T14:23:48","guid":{"rendered":"https:\/\/jusprev.org.br\/backup\/?p=11911"},"modified":"2019-07-12T11:23:48","modified_gmt":"2019-07-12T14:23:48","slug":"jusprev-e-apresentada-na-associacao-sergipana-do-ministerio-publico","status":"publish","type":"post","link":"https:\/\/jusprev.org.br\/backup\/jusprev-e-apresentada-na-associacao-sergipana-do-ministerio-publico\/","title":{"rendered":"JUSPREV \u00e9 apresentada na Associa\u00e7\u00e3o Sergipana do Minist\u00e9rio P\u00fablico e na Associa\u00e7\u00e3o dos Magistrados de Sergipe"},"content":{"rendered":"<p>&nbsp;<\/p>\n<p>A JUSPREV esteve presente neste dia 12 de julho\u00a0em duas de suas Associa\u00e7\u00f5es Instituidoras: Associa\u00e7\u00e3o Sergipana do Minist\u00e9rio P\u00fablico (ASMP) e Associa\u00e7\u00e3o dos Magistrados de Sergipe (AMASE).\u00a0O objetivo foi apresentar o PLANJUS para os associados das entidades, membros do Minist\u00e9rio P\u00fablico e da Magistratura de Sergipe.<\/p>\n<p>Apresentaram o PLANJUS o Vice-Presidente da Associa\u00e7\u00e3o dos Magistrados Brasileiros e membro do Comit\u00ea de Investimentos da JUSPREV, Dr. Francisco Borges, o Presidente da Associa\u00e7\u00e3o Cearense de Magistrados e eleito para o Conselho Deliberativo da JUSPREV, Dr. Ricardo Alexandre Costa e a gerente da JUSPREV, Deborah Maggio.<\/p>\n<p>A ASMP e a AMASE fazem parte do Col\u00e9gio de Instituidoras da JUSPREV. No total, j\u00e1 s\u00e3o mais de 80 Associa\u00e7\u00f5es Instituidoras, que juntas, oferecem um plano de benef\u00edcios previdenci\u00e1rios seguro e transparente para os seus associados. Com mais de 11 anos de atua\u00e7\u00e3o, a JUSPREV \u00e9 atualmente a maior uni\u00e3o formal de Associa\u00e7\u00f5es de Carreiras Jur\u00eddicas P\u00fablicas, em prol de um futuro seguro e tranquilo.<\/p>\n<p><a href=\"https:\/\/jusprev.org.br\/backup\/?page_id=5345\">Saiba mais sobre o PLANJUS.<\/a><\/p>\n<p>&nbsp;<\/p>\n<p><img loading=\"lazy\" decoding=\"async\" class=\"aligncenter wp-image-11912\" src=\"https:\/\/jusprev.org.br\/backup\/wp-content\/uploads\/2019\/07\/52cf00c2-a9dc-49e9-84c9-f5526740b403.jpg\" alt=\"52cf00c2-a9dc-49e9-84c9-f5526740b403\" width=\"364\" height=\"282\" \/><\/p>\n<p><img loading=\"lazy\" decoding=\"async\" class=\"aligncenter wp-image-11914\" src=\"https:\/\/jusprev.org.br\/backup\/wp-content\/uploads\/2019\/07\/23906e72-257b-4517-8ec6-f35b761d2b63-300x225.jpg\" alt=\"23906e72-257b-4517-8ec6-f35b761d2b63\" width=\"361\" height=\"271\" \/><\/p>\n<p><img loading=\"lazy\" decoding=\"async\" class=\"aligncenter  wp-image-11917\" src=\"https:\/\/jusprev.org.br\/backup\/wp-content\/uploads\/2019\/07\/palestra-AMASE-300x144.jpg\" alt=\"palestra-AMASE\" width=\"402\" height=\"193\" \/><\/p>\n<p>&nbsp;<\/p>\n","protected":false},"excerpt":{"rendered":"<p>&nbsp; A JUSPREV esteve presente neste dia 12 de julho\u00a0em duas de suas Associa\u00e7\u00f5es Instituidoras: Associa\u00e7\u00e3o Sergipana do Minist\u00e9rio P\u00fablico (ASMP) e Associa\u00e7\u00e3o dos Magistrados de Sergipe (AMASE).\u00a0O objetivo foi&#8230;<\/p>\n","protected":false},"author":3,"featured_media":0,"comment_status":"closed","ping_status":"closed","sticky":false,"template":"","format":"standard","meta":{"footnotes":""},"categories":[31],"tags":[],"class_list":["post-11911","post","type-post","status-publish","format-standard","hentry","category-noticias"],"_links":{"self":[{"href":"https:\/\/jusprev.org.br\/backup\/wp-json\/wp\/v2\/posts\/11911","targetHints":{"allow":["GET"]}}],"collection":[{"href":"https:\/\/jusprev.org.br\/backup\/wp-json\/wp\/v2\/posts"}],"about":[{"href":"https:\/\/jusprev.org.br\/backup\/wp-json\/wp\/v2\/types\/post"}],"author":[{"embeddable":true,"href":"https:\/\/jusprev.org.br\/backup\/wp-json\/wp\/v2\/users\/3"}],"replies":[{"embeddable":true,"href":"https:\/\/jusprev.org.br\/backup\/wp-json\/wp\/v2\/comments?post=11911"}],"version-history":[{"count":0,"href":"https:\/\/jusprev.org.br\/backup\/wp-json\/wp\/v2\/posts\/11911\/revisions"}],"wp:attachment":[{"href":"https:\/\/jusprev.org.br\/backup\/wp-json\/wp\/v2\/media?parent=11911"}],"wp:term":[{"taxonomy":"category","embeddable":true,"href":"https:\/\/jusprev.org.br\/backup\/wp-json\/wp\/v2\/categories?post=11911"},{"taxonomy":"post_tag","embeddable":true,"href":"https:\/\/jusprev.org.br\/backup\/wp-json\/wp\/v2\/tags?post=11911"}],"curies":[{"name":"wp","href":"https:\/\/api.w.org\/{rel}","templated":true}]}}