{"id":11931,"date":"2019-07-19T18:58:23","date_gmt":"2019-07-19T21:58:23","guid":{"rendered":"https:\/\/jusprev.org.br\/backup\/?p=11931"},"modified":"2019-07-19T18:58:23","modified_gmt":"2019-07-19T21:58:23","slug":"eleicoes-jusprev-confira-a-resolucao-da-comissao-eleitoral-nacional-contendo-a-divulgacao-do-resultado-geral-da-eleicao","status":"publish","type":"post","link":"https:\/\/jusprev.org.br\/backup\/eleicoes-jusprev-confira-a-resolucao-da-comissao-eleitoral-nacional-contendo-a-divulgacao-do-resultado-geral-da-eleicao\/","title":{"rendered":"Elei\u00e7\u00f5es JUSPREV: Confira a Resolu\u00e7\u00e3o da Comiss\u00e3o Eleitoral Nacional, contendo a Divulga\u00e7\u00e3o do Resultado Geral da Elei\u00e7\u00e3o"},"content":{"rendered":"<p>A JUSPREV realizou, entre os dias 17 de junho e 05 de julho de 2019, as elei\u00e7\u00f5es para que os participantes e assistidos escolhessem seus representantes nos Conselhos Deliberativo e Fiscal da Entidade. Os vencedores no pleito realizado assumem os cargos no pr\u00f3ximo dia 16 de agosto, com mandato de quatro anos.<br \/>\n<a href=\"https:\/\/jusprev.org.br\/backup\/wp-content\/uploads\/2019\/07\/resolucaoN3comissaoEleitoralNacional.pdf\" target=\"_blank\">Acesse aqui a Resolu\u00e7\u00e3o n.\u00ba 03<\/a>, da Comiss\u00e3o Eleitoral Nacional do Fundo de Pens\u00e3o Multinstitu\u00eddo por Associa\u00e7\u00f5es do Minist\u00e9rio P\u00fablico e da Justi\u00e7a \u2013 JUSPREV.<\/p>\n<p>Se preferir, confira a Resolu\u00e7\u00e3o abaixo:<br \/>\nA Comiss\u00e3o Eleitoral Nacional do Fundo de Pens\u00e3o Multinstitu\u00eddo por Associa\u00e7\u00f5es do Minist\u00e9rio P\u00fablico e da Justi\u00e7a \u2013 JUSPREV, no cumprimento de suas atribui\u00e7\u00f5es e de conformidade com o Estatuto e com o Regulamento Eleitoral para Elei\u00e7\u00e3o de Membros dos Conselhos Deliberativo e Fiscal da JUSPREV, resolve:<\/p>\n<p><strong>DIVULGAR<\/strong> o Resultado Geral da Elei\u00e7\u00e3o para composi\u00e7\u00e3o dos membros titulares e suplentes do <strong>CONSELHO DELIBERATIVO DA JUSPREV<\/strong>, representantes dos participantes e assistidos do PLANJUS, vencedores no pleito realizado de 17 de junho a 05 de julho de 2019, do qual n\u00e3o houve impugna\u00e7\u00e3o, para os respectivos mandatos previstos no artigo 3\u00ba do Regulamento Eleitoral, tornando-se neste ato, desnecess\u00e1rias as etapas 14 e 15 do cronograma eleitoral apresentado.<br \/>\n<strong>TITULARES:<\/strong><br \/>\n<strong>1) VILSON ANTONIO ROMERO<\/strong> &#8211; Associa\u00e7\u00e3o Nacional dos Auditores Fiscais da Receita Federal do Brasil<br \/>\n<strong>2) GERALDO LUIZ RIBEIRO<\/strong> &#8211; Associa\u00e7\u00e3o dos Magistrados Mineiros<br \/>\n<strong>SUPLENTES:<\/strong><br \/>\n<strong>1) MARCELO CRISANTO SOUTO MAIOR<\/strong> &#8211; Associa\u00e7\u00e3o Nacional dos Procuradores do Trabalho<br \/>\n<strong>2) FABR\u00cdCIO DIAS BRAGA DE SOUSA<\/strong> &#8211; Associa\u00e7\u00e3o das Defensoras e Defensores P\u00fablicos do Tocantins<\/p>\n<p><strong>DIVULGAR<\/strong> o Resultado Geral da Elei\u00e7\u00e3o para composi\u00e7\u00e3o de membros titular e suplente do <strong>CONSELHO FISCAL DA JUSPREV<\/strong>, representantes dos participantes e assistidos do PLANJUS, vencedores no pleito realizado de 17 de junho a 05 de julho de 2019, do qual n\u00e3o houve impugna\u00e7\u00e3o ou recurso, para os respectivos mandatos previstos no artigo 4\u00ba do Regulamento Eleitoral, tornando-se neste ato, desnecess\u00e1rias as etapas 14 e 15 do cronograma eleitoral apresentado.<br \/>\n<strong>TITULAR:<\/strong><br \/>\n<strong>1) THIAGO BRAND\u00c3O DE ALMEIDA<\/strong> \u2013 Associa\u00e7\u00e3o dos Magistrados Piauienses<br \/>\n<strong>SUPLENTE:<\/strong><br \/>\n<strong>1) ROSI DE OLIVEIRA DEQUECH<\/strong> \u2013 Associa\u00e7\u00e3o Paranaense de Advogados P\u00fablicos<\/p>\n<p>A posse dos Candidatos Vencedores acontecer\u00e1 na Reuni\u00e3o dos \u00d3rg\u00e3os Colegiados da JUSPREV, a realizar-se no dia 16 de agosto, na Sede da JUSPREV, em Curitiba, Paran\u00e1.<\/p>\n","protected":false},"excerpt":{"rendered":"<p>A JUSPREV realizou, entre os dias 17 de junho e 05 de julho de 2019, as elei\u00e7\u00f5es para que os participantes e assistidos escolhessem seus representantes nos Conselhos Deliberativo e&#8230;<\/p>\n","protected":false},"author":5,"featured_media":0,"comment_status":"closed","ping_status":"closed","sticky":false,"template":"","format":"standard","meta":{"footnotes":""},"categories":[31],"tags":[],"class_list":["post-11931","post","type-post","status-publish","format-standard","hentry","category-noticias"],"_links":{"self":[{"href":"https:\/\/jusprev.org.br\/backup\/wp-json\/wp\/v2\/posts\/11931","targetHints":{"allow":["GET"]}}],"collection":[{"href":"https:\/\/jusprev.org.br\/backup\/wp-json\/wp\/v2\/posts"}],"about":[{"href":"https:\/\/jusprev.org.br\/backup\/wp-json\/wp\/v2\/types\/post"}],"author":[{"embeddable":true,"href":"https:\/\/jusprev.org.br\/backup\/wp-json\/wp\/v2\/users\/5"}],"replies":[{"embeddable":true,"href":"https:\/\/jusprev.org.br\/backup\/wp-json\/wp\/v2\/comments?post=11931"}],"version-history":[{"count":0,"href":"https:\/\/jusprev.org.br\/backup\/wp-json\/wp\/v2\/posts\/11931\/revisions"}],"wp:attachment":[{"href":"https:\/\/jusprev.org.br\/backup\/wp-json\/wp\/v2\/media?parent=11931"}],"wp:term":[{"taxonomy":"category","embeddable":true,"href":"https:\/\/jusprev.org.br\/backup\/wp-json\/wp\/v2\/categories?post=11931"},{"taxonomy":"post_tag","embeddable":true,"href":"https:\/\/jusprev.org.br\/backup\/wp-json\/wp\/v2\/tags?post=11931"}],"curies":[{"name":"wp","href":"https:\/\/api.w.org\/{rel}","templated":true}]}}