{"id":12302,"date":"2019-08-05T10:06:59","date_gmt":"2019-08-05T13:06:59","guid":{"rendered":"https:\/\/jusprev.org.br\/backup\/?p=12302"},"modified":"2019-08-16T11:49:07","modified_gmt":"2019-08-16T14:49:07","slug":"eleicoes-jusprev-2019","status":"publish","type":"post","link":"https:\/\/jusprev.org.br\/backup\/eleicoes-jusprev-2019\/","title":{"rendered":"Elei\u00e7\u00f5es JUSPREV 2019"},"content":{"rendered":"<p>04Confira as informa\u00e7\u00f5es\u00a0para que os participantes e assistidos escolham seus representantes nos Conselhos Deliberativo e Fiscal da Entidade. Os vencedores assumir\u00e3o os cargos no pr\u00f3ximo dia 16 de agosto, com mandato de quatro anos.<\/p>\n<p>&nbsp;<\/p>\n<p><img loading=\"lazy\" decoding=\"async\" class=\"aligncenter wp-image-12303 size-full\" src=\"https:\/\/jusprev.org.br\/backup\/wp-content\/uploads\/2019\/08\/carta_participante_jusprev-806x1024.jpg\" alt=\"\" width=\"806\" height=\"1024\" srcset=\"https:\/\/jusprev.org.br\/backup\/wp-content\/uploads\/2019\/08\/carta_participante_jusprev-806x1024.jpg 806w, https:\/\/jusprev.org.br\/backup\/wp-content\/uploads\/2019\/08\/carta_participante_jusprev-806x1024-236x300.jpg 236w, https:\/\/jusprev.org.br\/backup\/wp-content\/uploads\/2019\/08\/carta_participante_jusprev-806x1024-768x976.jpg 768w\" sizes=\"auto, (max-width: 806px) 100vw, 806px\" \/><\/p>\n<p><strong>Confira aqui os documentos referentes ao Processo Eleitoral:<\/strong><\/p>\n<p><a href=\"https:\/\/jusprev.org.br\/backup\/wp-content\/uploads\/2019\/08\/EditaldeConvocacaoEleicoesDeliberativoeFiscal2019.pdf\">Edital de Convoca\u00e7\u00e3o e Ficha de Inscri\u00e7\u00e3o<\/a><\/p>\n<p><a href=\"https:\/\/jusprev.org.br\/backup\/wp-content\/uploads\/2019\/08\/RegulamentoEleitoralDosConselhos.pdf\">Regulamento Eleitoral<\/a><\/p>\n<p><a href=\"https:\/\/jusprev.org.br\/backup\/wp-content\/uploads\/2019\/08\/ResolucaoN1NomeacaoComissaoEleitoral.pdf\">Resolu\u00e7\u00e3o N.1<\/a><\/p>\n<p><a href=\"https:\/\/jusprev.org.br\/backup\/wp-content\/uploads\/2019\/08\/homologacao_jusprev.pdf\">Resolu\u00e7\u00e3o da Comiss\u00e3o Eleitoral Nacional<\/a><\/p>\n<p><a href=\"https:\/\/jusprev.org.br\/backup\/wp-content\/uploads\/2019\/08\/ResolucaoN2_comissaoeleitoral_JUSPREV_08_07_19.pdf\">Resolu\u00e7\u00e3o N.2<\/a><\/p>\n<p><a href=\"https:\/\/jusprev.org.br\/backup\/wp-content\/uploads\/2019\/08\/resolucaoN3comissaoEleitoralNacional.pdf\">Resolu\u00e7\u00e3o N.3<\/a><\/p>\n","protected":false},"excerpt":{"rendered":"<p>04Confira as informa\u00e7\u00f5es\u00a0para que os participantes e assistidos escolham seus representantes nos Conselhos Deliberativo e Fiscal da Entidade. Os vencedores assumir\u00e3o os cargos no pr\u00f3ximo dia 16 de agosto, com&#8230;<\/p>\n","protected":false},"author":1,"featured_media":12317,"comment_status":"open","ping_status":"closed","sticky":false,"template":"","format":"standard","meta":{"footnotes":""},"categories":[31],"tags":[],"class_list":["post-12302","post","type-post","status-publish","format-standard","has-post-thumbnail","hentry","category-noticias"],"_links":{"self":[{"href":"https:\/\/jusprev.org.br\/backup\/wp-json\/wp\/v2\/posts\/12302","targetHints":{"allow":["GET"]}}],"collection":[{"href":"https:\/\/jusprev.org.br\/backup\/wp-json\/wp\/v2\/posts"}],"about":[{"href":"https:\/\/jusprev.org.br\/backup\/wp-json\/wp\/v2\/types\/post"}],"author":[{"embeddable":true,"href":"https:\/\/jusprev.org.br\/backup\/wp-json\/wp\/v2\/users\/1"}],"replies":[{"embeddable":true,"href":"https:\/\/jusprev.org.br\/backup\/wp-json\/wp\/v2\/comments?post=12302"}],"version-history":[{"count":6,"href":"https:\/\/jusprev.org.br\/backup\/wp-json\/wp\/v2\/posts\/12302\/revisions"}],"predecessor-version":[{"id":12319,"href":"https:\/\/jusprev.org.br\/backup\/wp-json\/wp\/v2\/posts\/12302\/revisions\/12319"}],"wp:featuredmedia":[{"embeddable":true,"href":"https:\/\/jusprev.org.br\/backup\/wp-json\/wp\/v2\/media\/12317"}],"wp:attachment":[{"href":"https:\/\/jusprev.org.br\/backup\/wp-json\/wp\/v2\/media?parent=12302"}],"wp:term":[{"taxonomy":"category","embeddable":true,"href":"https:\/\/jusprev.org.br\/backup\/wp-json\/wp\/v2\/categories?post=12302"},{"taxonomy":"post_tag","embeddable":true,"href":"https:\/\/jusprev.org.br\/backup\/wp-json\/wp\/v2\/tags?post=12302"}],"curies":[{"name":"wp","href":"https:\/\/api.w.org\/{rel}","templated":true}]}}