{"id":12337,"date":"2019-08-19T11:44:25","date_gmt":"2019-08-19T14:44:25","guid":{"rendered":"https:\/\/jusprev.org.br\/backup\/?p=12337"},"modified":"2019-09-04T10:35:42","modified_gmt":"2019-09-04T13:35:42","slug":"diretoria-executiva-e-membros-eleitos-para-os-conselhos-deliberativo-e-fiscal-tomam-posse","status":"publish","type":"post","link":"https:\/\/jusprev.org.br\/backup\/diretoria-executiva-e-membros-eleitos-para-os-conselhos-deliberativo-e-fiscal-tomam-posse\/","title":{"rendered":"Diretoria Executiva e Conselhos tomam posse"},"content":{"rendered":"<p>Cerim\u00f4nia de posse marcou a inaugura\u00e7\u00e3o da sede administrativa \u201cMaria Tereza Uille Gomes\u201d, uma homenagem \u00e0 idealizadora e fundadora da JUSPREV.<\/p>\n<p>Os membros eleitos para os Conselhos Deliberativo e Fiscal da JUSPREV e Diretoria Executiva nomeada tomaram posse em cerim\u00f4nia realizada na \u00faltima sexta-feira (16), em Curitiba (PR). Os eleitos assumem os pleitos para gest\u00e3o 2019-2023. A cerim\u00f4nia de posse tamb\u00e9m marcou a inaugura\u00e7\u00e3o da sede administrativa da JUSPREV, que levar\u00e1 o nome da idealizadora e fundadora da Entidade, Doutora Maria Tereza Uille Gomes.<\/p>\n<p>A sede administrativa \u00e9 um espa\u00e7o para melhor atender aos participantes, assistidos e Associa\u00e7\u00f5es Instituidoras da JUSPREV. Fica localizada no pr\u00e9dio da Associa\u00e7\u00e3o dos Magistrados do Paran\u00e1 (AMAPAR),\u00a0 na Rua Alberto Folloni, n\u00ba 541, Curitiba \u2013 PR.<\/p>\n<p>Durante a cerim\u00f4nia de inaugura\u00e7\u00e3o da sede, Maria Tereza agradeceu a todos. &#8220;Foi uma surpresa que me deixou profundamente emocionada. A JUSPREV desde que foi criada, sempre foi uma fam\u00edlia de amizade, de muita seriedade, de credibilidade. Agrade\u00e7o imensamente a diretoria executiva, conselhos, Col\u00e9gio de Instituidores, colaboradores, comit\u00eas e todos os presentes. <strong>\u00a0<\/strong>A JUSPREV \u00e9 a maior uni\u00e3o associativa que temos no Brasil, na \u00e1rea jur\u00eddica. \u00a0O respeito e a credibilidade da JUSPREV \u00e9 que nos faz querer ingressar nessa Entidade\u201d, disse Maria Tereza.<\/p>\n<p>Segundo ela, a JUSPREV \u00e9 uma entidade que est\u00e1 pensando no futuro dos seus participantes e de suas fam\u00edlias, por gera\u00e7\u00f5es. Maria Tereza tamb\u00e9m destacou o importante papel das Associa\u00e7\u00f5es Instituidoras na prote\u00e7\u00e3o do futuro dos associados e familiares. \u201cAs Entidade de Classe t\u00eam uma caracter\u00edstica muito forte de defesa de prerrogativas e a maior prerrogativa e de longo prazo diz respeito ao nosso futuro e ao futuro da nossa fam\u00edlia. Hoje a JUSPREV tem mais de 80 Associa\u00e7\u00f5es Instituidoras e come\u00e7ou com uma sede na Associa\u00e7\u00e3o Paranaense do Minist\u00e9rio P\u00fablico. \u00a0Hoje inaugura uma sede compat\u00edvel com o crescimento da Entidade. Que a JUSPREV sirva o presente e o futuro de gera\u00e7\u00f5es, de nossas fam\u00edlias, dos nossos filhos\u201d, finalizou.<\/p>\n<p>A JUSPREV tem 12 anos de funcionamento. Fundada em 06 de dezembro de 2007,\u00a0 \u00e9 a maior uni\u00e3o formal de Associa\u00e7\u00f5es de Carreiras Jur\u00eddicas P\u00fablicas e de Auditores Fiscais da Receita Federal do Brasil, com mais de 80 Entidades em seu Col\u00e9gio de Instituidoras. Administra o plano de benef\u00edcios previdenci\u00e1rios &#8211; PLANJUS, que j\u00e1 ultrapassou 260 milh\u00f5es em ativos no primeiro semestre de 2019. S\u00e3o quatro modalidades de renda oferecidas: Renda Mensal Programada (aposentadoria), Renda Mensal Educacional e as coberturas de risco (Renda Mensal por Morte e Renda Mensal por Invalidez).<\/p>\n<p>Confira os membros eleitos para os Conselhos Deliberativo e Fiscal e Diretoria Executiva nomeada:<\/p>\n<p>Conselho Deliberativo:<br \/>\nGERALDO LUIZ RIBEIRO &#8211; Conselheiro Titular eleito pelos Participantes e Assistidos<br \/>\nVILSON ANTONIO ROMERO &#8211; Conselheiro Titular eleito pelos Participantes e Assistidos<br \/>\nMARCELO CRISANTO SOUTO MAIOR &#8211; Conselheiro Suplente eleito pelos Participantes e Assistidos<br \/>\nFABR\u00cdCIO DIAS BRAGA DE SOUSA &#8211; Conselheiro Suplente eleito pelos Participantes e Assistidos<br \/>\nCAMILA GABRIELA GREBER CALDAS &#8211; Conselheira indicada pelas Associa\u00e7\u00f5es Instituidoras<br \/>\nRICARDO ALEXANDRE DA SILVA COSTA &#8211; Conselheiro indicado pelas Associa\u00e7\u00f5es Instituidoras<br \/>\nLUIZ ANTONIO FERREIRA DE ARAUJO &#8211; Conselheiro indicado pelas Associa\u00e7\u00f5es Instituidoras<br \/>\nMARCELINO RODRIGUES MENDES FILHO &#8211; Conselheiro indicado pelas Associa\u00e7\u00f5es Instituidoras<br \/>\nFABIO COSTA GONZAGA &#8211; Conselheiro indicado pelas Associa\u00e7\u00f5es Instituidoras<br \/>\nLUIZ FELIPE DE MIRANDA CHEIB &#8211; Conselheiro indicado pelas Associa\u00e7\u00f5es Instituidoras<br \/>\nLINEU BONORA PEINADO &#8211; Conselheiro indicado pelas Associa\u00e7\u00f5es Instituidoras<br \/>\nSERGIO AUGUSTO RIANI &#8211; Conselheiro indicado pelas Associa\u00e7\u00f5es Instituidoras<\/p>\n<p>Conselho Fiscal:<br \/>\nTHIAGO BRAND\u00c3O DE ALMEIDA &#8211; Conselheiro Titular eleito pelos Participantes e Assistidos<br \/>\nROSI DE OLIVEIRA DEQUECH &#8211; Conselheira Suplente eleita pelos Participantes e Assistidos<br \/>\nVIRGILIO PANAGIOTIS STAVRIDIS &#8211; Conselheiro indicado pelas Associa\u00e7\u00f5es Instituidoras<br \/>\nSANDRO LOUREIRO MARONES &#8211; Conselheiro indicado pelas Associa\u00e7\u00f5es Instituidoras<br \/>\nFLODESMIDT RIANI &#8211; Conselheiro indicado pelas Associa\u00e7\u00f5es Instituidoras<br \/>\nALEXANDRE MIGUEL &#8211; Conselheiro indicado pelas Associa\u00e7\u00f5es Instituidoras<\/p>\n<p>Diretoria Executiva nomeada:<br \/>\nANTONIA L\u00c9LIA NEVES SANCHES &#8211; Diretora-Presidente do JUSPREV<br \/>\nJAIR EDUARDO SANTANA &#8211; Diretor Administrativo-Financeiro do JUSPREV<br \/>\nM\u00c1RCIO HUMBERTO GHELLER &#8211; Diretor Jur\u00eddico e de Benef\u00edcios do JUSPREV<\/p>\n\n\t\t<style type=\"text\/css\">\n\t\t\t#gallery-1 {\n\t\t\t\tmargin: auto;\n\t\t\t}\n\t\t\t#gallery-1 .gallery-item {\n\t\t\t\tfloat: left;\n\t\t\t\tmargin-top: 10px;\n\t\t\t\ttext-align: center;\n\t\t\t\twidth: 33%;\n\t\t\t}\n\t\t\t#gallery-1 img {\n\t\t\t\tborder: 2px solid #cfcfcf;\n\t\t\t}\n\t\t\t#gallery-1 .gallery-caption {\n\t\t\t\tmargin-left: 0;\n\t\t\t}\n\t\t\t\/* see gallery_shortcode() in wp-includes\/media.php *\/\n\t\t<\/style>\n\t\t<div id='gallery-1' class='gallery galleryid-12337 gallery-columns-3 gallery-size-medium'><dl class='gallery-item'>\n\t\t\t<dt class='gallery-icon landscape'>\n\t\t\t\t<a href='https:\/\/jusprev.org.br\/backup\/wp-content\/uploads\/2019\/08\/2a543143-23a9-4be2-8eca-671e7c4c969b.jpg'><img loading=\"lazy\" decoding=\"async\" width=\"300\" height=\"200\" src=\"https:\/\/jusprev.org.br\/backup\/wp-content\/uploads\/2019\/08\/2a543143-23a9-4be2-8eca-671e7c4c969b-300x200.jpg\" class=\"attachment-medium size-medium\" alt=\"\" aria-describedby=\"gallery-1-12340\" srcset=\"https:\/\/jusprev.org.br\/backup\/wp-content\/uploads\/2019\/08\/2a543143-23a9-4be2-8eca-671e7c4c969b-300x200.jpg 300w, https:\/\/jusprev.org.br\/backup\/wp-content\/uploads\/2019\/08\/2a543143-23a9-4be2-8eca-671e7c4c969b-768x512.jpg 768w, https:\/\/jusprev.org.br\/backup\/wp-content\/uploads\/2019\/08\/2a543143-23a9-4be2-8eca-671e7c4c969b-1024x682.jpg 1024w, https:\/\/jusprev.org.br\/backup\/wp-content\/uploads\/2019\/08\/2a543143-23a9-4be2-8eca-671e7c4c969b.jpg 1280w\" sizes=\"auto, (max-width: 300px) 100vw, 300px\" \/><\/a>\n\t\t\t<\/dt>\n\t\t\t\t<dd class='wp-caption-text gallery-caption' id='gallery-1-12340'>\n\t\t\t\tMembros eleitos para o Conselho Fiscal da JUSPREV\n\t\t\t\t<\/dd><\/dl><dl class='gallery-item'>\n\t\t\t<dt class='gallery-icon landscape'>\n\t\t\t\t<a href='https:\/\/jusprev.org.br\/backup\/wp-content\/uploads\/2019\/08\/71233c5a-3daa-400b-8141-8b07fab2d807.jpg'><img loading=\"lazy\" decoding=\"async\" width=\"300\" height=\"200\" src=\"https:\/\/jusprev.org.br\/backup\/wp-content\/uploads\/2019\/08\/71233c5a-3daa-400b-8141-8b07fab2d807-300x200.jpg\" class=\"attachment-medium size-medium\" alt=\"\" aria-describedby=\"gallery-1-12344\" srcset=\"https:\/\/jusprev.org.br\/backup\/wp-content\/uploads\/2019\/08\/71233c5a-3daa-400b-8141-8b07fab2d807-300x200.jpg 300w, https:\/\/jusprev.org.br\/backup\/wp-content\/uploads\/2019\/08\/71233c5a-3daa-400b-8141-8b07fab2d807-768x512.jpg 768w, https:\/\/jusprev.org.br\/backup\/wp-content\/uploads\/2019\/08\/71233c5a-3daa-400b-8141-8b07fab2d807-1024x682.jpg 1024w, https:\/\/jusprev.org.br\/backup\/wp-content\/uploads\/2019\/08\/71233c5a-3daa-400b-8141-8b07fab2d807.jpg 1280w\" sizes=\"auto, (max-width: 300px) 100vw, 300px\" \/><\/a>\n\t\t\t<\/dt>\n\t\t\t\t<dd class='wp-caption-text gallery-caption' id='gallery-1-12344'>\n\t\t\t\tMembros eleitos para o Conselho Deliberativo da JUSPREV\n\t\t\t\t<\/dd><\/dl><dl class='gallery-item'>\n\t\t\t<dt class='gallery-icon landscape'>\n\t\t\t\t<a href='https:\/\/jusprev.org.br\/backup\/wp-content\/uploads\/2019\/08\/3928e0c0-adb6-493b-8d32-cd374900dd4c.jpg'><img loading=\"lazy\" decoding=\"async\" width=\"300\" height=\"200\" src=\"https:\/\/jusprev.org.br\/backup\/wp-content\/uploads\/2019\/08\/3928e0c0-adb6-493b-8d32-cd374900dd4c-300x200.jpg\" class=\"attachment-medium size-medium\" alt=\"\" aria-describedby=\"gallery-1-12342\" srcset=\"https:\/\/jusprev.org.br\/backup\/wp-content\/uploads\/2019\/08\/3928e0c0-adb6-493b-8d32-cd374900dd4c-300x200.jpg 300w, https:\/\/jusprev.org.br\/backup\/wp-content\/uploads\/2019\/08\/3928e0c0-adb6-493b-8d32-cd374900dd4c-768x512.jpg 768w, https:\/\/jusprev.org.br\/backup\/wp-content\/uploads\/2019\/08\/3928e0c0-adb6-493b-8d32-cd374900dd4c-1024x682.jpg 1024w, https:\/\/jusprev.org.br\/backup\/wp-content\/uploads\/2019\/08\/3928e0c0-adb6-493b-8d32-cd374900dd4c.jpg 1280w\" sizes=\"auto, (max-width: 300px) 100vw, 300px\" \/><\/a>\n\t\t\t<\/dt>\n\t\t\t\t<dd class='wp-caption-text gallery-caption' id='gallery-1-12342'>\n\t\t\t\tDiretoria Executiva nomeada para gest\u00e3o 2019 \u2013 2023\n\t\t\t\t<\/dd><\/dl><br style=\"clear: both\" \/><dl class='gallery-item'>\n\t\t\t<dt class='gallery-icon landscape'>\n\t\t\t\t<a href='https:\/\/jusprev.org.br\/backup\/wp-content\/uploads\/2019\/08\/8636efa0-4412-438c-977b-784fdcf6248b.jpg'><img loading=\"lazy\" decoding=\"async\" width=\"300\" height=\"200\" src=\"https:\/\/jusprev.org.br\/backup\/wp-content\/uploads\/2019\/08\/8636efa0-4412-438c-977b-784fdcf6248b-300x200.jpg\" class=\"attachment-medium size-medium\" alt=\"\" aria-describedby=\"gallery-1-12343\" srcset=\"https:\/\/jusprev.org.br\/backup\/wp-content\/uploads\/2019\/08\/8636efa0-4412-438c-977b-784fdcf6248b-300x200.jpg 300w, https:\/\/jusprev.org.br\/backup\/wp-content\/uploads\/2019\/08\/8636efa0-4412-438c-977b-784fdcf6248b-768x512.jpg 768w, https:\/\/jusprev.org.br\/backup\/wp-content\/uploads\/2019\/08\/8636efa0-4412-438c-977b-784fdcf6248b-1024x682.jpg 1024w, https:\/\/jusprev.org.br\/backup\/wp-content\/uploads\/2019\/08\/8636efa0-4412-438c-977b-784fdcf6248b.jpg 1280w\" sizes=\"auto, (max-width: 300px) 100vw, 300px\" \/><\/a>\n\t\t\t<\/dt>\n\t\t\t\t<dd class='wp-caption-text gallery-caption' id='gallery-1-12343'>\n\t\t\t\tDiretoria Executiva e membros eleitos para os Conselhos Deliberativo e Fiscal tomam posse\n\t\t\t\t<\/dd><\/dl><dl class='gallery-item'>\n\t\t\t<dt class='gallery-icon landscape'>\n\t\t\t\t<a href='https:\/\/jusprev.org.br\/backup\/wp-content\/uploads\/2019\/08\/89a564e5-4aba-4a02-84eb-c4ea3e57789e-1.jpg'><img loading=\"lazy\" decoding=\"async\" width=\"300\" height=\"200\" src=\"https:\/\/jusprev.org.br\/backup\/wp-content\/uploads\/2019\/08\/89a564e5-4aba-4a02-84eb-c4ea3e57789e-1-300x200.jpg\" class=\"attachment-medium size-medium\" alt=\"\" aria-describedby=\"gallery-1-12341\" srcset=\"https:\/\/jusprev.org.br\/backup\/wp-content\/uploads\/2019\/08\/89a564e5-4aba-4a02-84eb-c4ea3e57789e-1-300x200.jpg 300w, https:\/\/jusprev.org.br\/backup\/wp-content\/uploads\/2019\/08\/89a564e5-4aba-4a02-84eb-c4ea3e57789e-1-768x512.jpg 768w, https:\/\/jusprev.org.br\/backup\/wp-content\/uploads\/2019\/08\/89a564e5-4aba-4a02-84eb-c4ea3e57789e-1-1024x682.jpg 1024w, https:\/\/jusprev.org.br\/backup\/wp-content\/uploads\/2019\/08\/89a564e5-4aba-4a02-84eb-c4ea3e57789e-1.jpg 1280w\" sizes=\"auto, (max-width: 300px) 100vw, 300px\" \/><\/a>\n\t\t\t<\/dt>\n\t\t\t\t<dd class='wp-caption-text gallery-caption' id='gallery-1-12341'>\n\t\t\t\tMomento da homenagem \u00e0 Doutora Maria Tereza Uille Gomes, idealizadora e fundadora da JUSPREV. Nova sede administrativa levar\u00e1 o seu nome.\n\t\t\t\t<\/dd><\/dl><dl class='gallery-item'>\n\t\t\t<dt class='gallery-icon landscape'>\n\t\t\t\t<a href='https:\/\/jusprev.org.br\/backup\/wp-content\/uploads\/2019\/08\/4878074c-1706-4903-8d6d-c7d6d0e44c32.jpg'><img loading=\"lazy\" decoding=\"async\" width=\"300\" height=\"200\" src=\"https:\/\/jusprev.org.br\/backup\/wp-content\/uploads\/2019\/08\/4878074c-1706-4903-8d6d-c7d6d0e44c32-300x200.jpg\" class=\"attachment-medium size-medium\" alt=\"\" aria-describedby=\"gallery-1-12345\" srcset=\"https:\/\/jusprev.org.br\/backup\/wp-content\/uploads\/2019\/08\/4878074c-1706-4903-8d6d-c7d6d0e44c32-300x200.jpg 300w, https:\/\/jusprev.org.br\/backup\/wp-content\/uploads\/2019\/08\/4878074c-1706-4903-8d6d-c7d6d0e44c32-768x512.jpg 768w, https:\/\/jusprev.org.br\/backup\/wp-content\/uploads\/2019\/08\/4878074c-1706-4903-8d6d-c7d6d0e44c32-1024x682.jpg 1024w, https:\/\/jusprev.org.br\/backup\/wp-content\/uploads\/2019\/08\/4878074c-1706-4903-8d6d-c7d6d0e44c32.jpg 1280w\" sizes=\"auto, (max-width: 300px) 100vw, 300px\" \/><\/a>\n\t\t\t<\/dt>\n\t\t\t\t<dd class='wp-caption-text gallery-caption' id='gallery-1-12345'>\n\t\t\t\tMomento da homenagem \u00e0 Doutora Maria Tereza Uille Gomes, idealizadora e fundadora da JUSPREV. Nova sede administrativa levar\u00e1 o seu nome.\n\t\t\t\t<\/dd><\/dl><br style=\"clear: both\" \/>\n\t\t<\/div>\n\n","protected":false},"excerpt":{"rendered":"<p>Cerim\u00f4nia de posse marcou a inaugura\u00e7\u00e3o da sede administrativa \u201cMaria Tereza Uille Gomes\u201d, uma homenagem \u00e0 idealizadora e fundadora da JUSPREV. Os membros eleitos para os Conselhos Deliberativo e Fiscal&#8230;<\/p>\n","protected":false},"author":1,"featured_media":12338,"comment_status":"open","ping_status":"closed","sticky":false,"template":"","format":"standard","meta":{"footnotes":""},"categories":[31],"tags":[],"class_list":["post-12337","post","type-post","status-publish","format-standard","has-post-thumbnail","hentry","category-noticias"],"_links":{"self":[{"href":"https:\/\/jusprev.org.br\/backup\/wp-json\/wp\/v2\/posts\/12337","targetHints":{"allow":["GET"]}}],"collection":[{"href":"https:\/\/jusprev.org.br\/backup\/wp-json\/wp\/v2\/posts"}],"about":[{"href":"https:\/\/jusprev.org.br\/backup\/wp-json\/wp\/v2\/types\/post"}],"author":[{"embeddable":true,"href":"https:\/\/jusprev.org.br\/backup\/wp-json\/wp\/v2\/users\/1"}],"replies":[{"embeddable":true,"href":"https:\/\/jusprev.org.br\/backup\/wp-json\/wp\/v2\/comments?post=12337"}],"version-history":[{"count":28,"href":"https:\/\/jusprev.org.br\/backup\/wp-json\/wp\/v2\/posts\/12337\/revisions"}],"predecessor-version":[{"id":12830,"href":"https:\/\/jusprev.org.br\/backup\/wp-json\/wp\/v2\/posts\/12337\/revisions\/12830"}],"wp:featuredmedia":[{"embeddable":true,"href":"https:\/\/jusprev.org.br\/backup\/wp-json\/wp\/v2\/media\/12338"}],"wp:attachment":[{"href":"https:\/\/jusprev.org.br\/backup\/wp-json\/wp\/v2\/media?parent=12337"}],"wp:term":[{"taxonomy":"category","embeddable":true,"href":"https:\/\/jusprev.org.br\/backup\/wp-json\/wp\/v2\/categories?post=12337"},{"taxonomy":"post_tag","embeddable":true,"href":"https:\/\/jusprev.org.br\/backup\/wp-json\/wp\/v2\/tags?post=12337"}],"curies":[{"name":"wp","href":"https:\/\/api.w.org\/{rel}","templated":true}]}}