{"id":12612,"date":"2019-08-22T16:43:00","date_gmt":"2019-08-22T19:43:00","guid":{"rendered":"https:\/\/jusprev.org.br\/backup\/?p=12612"},"modified":"2019-09-04T10:32:48","modified_gmt":"2019-09-04T13:32:48","slug":"jusprev-participa-de-encontro-nacional-da-abrapp","status":"publish","type":"post","link":"https:\/\/jusprev.org.br\/backup\/jusprev-participa-de-encontro-nacional-da-abrapp\/","title":{"rendered":"JUSPREV participa de Encontro Nacional da Abrapp"},"content":{"rendered":"<p>14\u00ba Encontro de Advogados das Entidades Fechadas de Previd\u00eancia Complementar reuniu profissionais do setor em S\u00e3o Paulo<\/p>\n<p>Nesta semana (19 e 20\/08), a Associa\u00e7\u00e3o Brasileira das Entidades Fechadas de Previd\u00eancia Complementar (Abrapp) realizou em S\u00e3o Paulo o 14\u00ba Encontro de Advogados das Entidades Fechadas de Previd\u00eancia Complementar. A Diretora-Presidente da JUSPREV, Doutora Antonia L\u00e9lia Neves Sanches participou do evento, que debateu os \u201cImpactos das Inova\u00e7\u00f5es Constitucionais, legais e regulat\u00f3rias sobre o Regime de Previd\u00eancia Complementar Fechada\u201d. O encontro reuniu profissionais de diversas entidades e regi\u00f5es.<\/p>\n<p>Nos dois dias de programa\u00e7\u00e3o, foram abordados temas como a Reforma Previdenci\u00e1ria e os impactos para a previd\u00eancia complementar fechada, a instrumentaliza\u00e7\u00e3o do CNPJ por plano, Lei Geral de Prote\u00e7\u00e3o de Dados e a Nova estrutura de Supervis\u00e3o e regula\u00e7\u00e3o da previd\u00eancia complementar.<\/p>\n<p><img loading=\"lazy\" decoding=\"async\" class=\"alignnone size-medium wp-image-12613\" src=\"https:\/\/jusprev.org.br\/backup\/wp-content\/uploads\/2019\/08\/Evento_Abrapp_Encontro_Nacional-300x273.jpg\" alt=\"\" width=\"300\" height=\"273\" srcset=\"https:\/\/jusprev.org.br\/backup\/wp-content\/uploads\/2019\/08\/Evento_Abrapp_Encontro_Nacional-300x273.jpg 300w, https:\/\/jusprev.org.br\/backup\/wp-content\/uploads\/2019\/08\/Evento_Abrapp_Encontro_Nacional.jpg 562w\" sizes=\"auto, (max-width: 300px) 100vw, 300px\" \/><\/p>\n<p>A Diretora-Presidente da JUSPREV, Antonia L\u00e9lia Neves Sanches, durante evento da Abrapp, em S\u00e3o Paulo.<\/p>\n","protected":false},"excerpt":{"rendered":"<p>14\u00ba Encontro de Advogados das Entidades Fechadas de Previd\u00eancia Complementar reuniu profissionais do setor em S\u00e3o Paulo Nesta semana (19 e 20\/08), a Associa\u00e7\u00e3o Brasileira das Entidades Fechadas de Previd\u00eancia&#8230;<\/p>\n","protected":false},"author":1,"featured_media":12613,"comment_status":"open","ping_status":"closed","sticky":false,"template":"","format":"standard","meta":{"footnotes":""},"categories":[52,31],"tags":[],"class_list":["post-12612","post","type-post","status-publish","format-standard","has-post-thumbnail","hentry","category-destaque","category-noticias"],"_links":{"self":[{"href":"https:\/\/jusprev.org.br\/backup\/wp-json\/wp\/v2\/posts\/12612","targetHints":{"allow":["GET"]}}],"collection":[{"href":"https:\/\/jusprev.org.br\/backup\/wp-json\/wp\/v2\/posts"}],"about":[{"href":"https:\/\/jusprev.org.br\/backup\/wp-json\/wp\/v2\/types\/post"}],"author":[{"embeddable":true,"href":"https:\/\/jusprev.org.br\/backup\/wp-json\/wp\/v2\/users\/1"}],"replies":[{"embeddable":true,"href":"https:\/\/jusprev.org.br\/backup\/wp-json\/wp\/v2\/comments?post=12612"}],"version-history":[{"count":12,"href":"https:\/\/jusprev.org.br\/backup\/wp-json\/wp\/v2\/posts\/12612\/revisions"}],"predecessor-version":[{"id":12828,"href":"https:\/\/jusprev.org.br\/backup\/wp-json\/wp\/v2\/posts\/12612\/revisions\/12828"}],"wp:featuredmedia":[{"embeddable":true,"href":"https:\/\/jusprev.org.br\/backup\/wp-json\/wp\/v2\/media\/12613"}],"wp:attachment":[{"href":"https:\/\/jusprev.org.br\/backup\/wp-json\/wp\/v2\/media?parent=12612"}],"wp:term":[{"taxonomy":"category","embeddable":true,"href":"https:\/\/jusprev.org.br\/backup\/wp-json\/wp\/v2\/categories?post=12612"},{"taxonomy":"post_tag","embeddable":true,"href":"https:\/\/jusprev.org.br\/backup\/wp-json\/wp\/v2\/tags?post=12612"}],"curies":[{"name":"wp","href":"https:\/\/api.w.org\/{rel}","templated":true}]}}