{"id":12745,"date":"2019-08-27T11:24:29","date_gmt":"2019-08-27T14:24:29","guid":{"rendered":"https:\/\/jusprev.org.br\/backup\/?p=12745"},"modified":"2019-09-04T10:31:24","modified_gmt":"2019-09-04T13:31:24","slug":"palestra-sobre-a-jusprev-e-realizada-no-encontro-anual-da-amatra-ix","status":"publish","type":"post","link":"https:\/\/jusprev.org.br\/backup\/palestra-sobre-a-jusprev-e-realizada-no-encontro-anual-da-amatra-ix\/","title":{"rendered":"JUSPREV no Encontro Anual da Amatra IX"},"content":{"rendered":"<p>Evento reuniu magistrados, que conheceram mais sobre as vantagens do Planjus, plano de benef\u00edcios previdenci\u00e1rios da JUSPREV.<\/p>\n<p>A JUSPREV esteve presente no Encontro Anual da Amatra IX, realizado entre os dias 21 e 25 de agosto. Durante o evento, foi realizada <strong>uma palestra sobre o plano de benef\u00edcios previdenci\u00e1rios da Entidade, o Planjus, apresentada pela gerente da JUSPREV, Deborah Maggio.<\/strong><\/p>\n<p>O consultor Alexandre dos Santos tamb\u00e9m participou do evento, com atendimentos aos magistrados, que puderam tirar d\u00favidas e aderir ao Planjus. Tamb\u00e9m esteve presente a Doutora Camila Gabriela Greber Caldas, Presidente da Amatra IX e membro do Conselho Deliberativo da JUSPREV.<\/p>\n<p>A Amatra IX \u00e9 uma das 80 Associa\u00e7\u00f5es Instituidoras da JUSPREV, que oferecem o PLANJUS para proteger o futuro de seus associados e familiares. <a href=\"https:\/\/jusprev.org.br\/backup\/associacoes-instituidoras\/\">Conhe\u00e7a todas as demais aqui.<\/a><\/p>\n<p style=\"text-align: center;\"><img loading=\"lazy\" decoding=\"async\" class=\"wp-image-12746 aligncenter\" src=\"https:\/\/jusprev.org.br\/backup\/wp-content\/uploads\/2019\/08\/Encontro_amatra-300x193.jpg\" alt=\"\" width=\"401\" height=\"258\" srcset=\"https:\/\/jusprev.org.br\/backup\/wp-content\/uploads\/2019\/08\/Encontro_amatra-300x193.jpg 300w, https:\/\/jusprev.org.br\/backup\/wp-content\/uploads\/2019\/08\/Encontro_amatra.jpg 631w\" sizes=\"auto, (max-width: 401px) 100vw, 401px\" \/>A gerente da JUSPREV, Deborah Maggio, durante palestra sobre o PLANJUS<\/p>\n","protected":false},"excerpt":{"rendered":"<p>Evento reuniu magistrados, que conheceram mais sobre as vantagens do Planjus, plano de benef\u00edcios previdenci\u00e1rios da JUSPREV. A JUSPREV esteve presente no Encontro Anual da Amatra IX, realizado entre os&#8230;<\/p>\n","protected":false},"author":1,"featured_media":12746,"comment_status":"open","ping_status":"closed","sticky":false,"template":"","format":"standard","meta":{"footnotes":""},"categories":[52],"tags":[],"class_list":["post-12745","post","type-post","status-publish","format-standard","has-post-thumbnail","hentry","category-destaque"],"_links":{"self":[{"href":"https:\/\/jusprev.org.br\/backup\/wp-json\/wp\/v2\/posts\/12745","targetHints":{"allow":["GET"]}}],"collection":[{"href":"https:\/\/jusprev.org.br\/backup\/wp-json\/wp\/v2\/posts"}],"about":[{"href":"https:\/\/jusprev.org.br\/backup\/wp-json\/wp\/v2\/types\/post"}],"author":[{"embeddable":true,"href":"https:\/\/jusprev.org.br\/backup\/wp-json\/wp\/v2\/users\/1"}],"replies":[{"embeddable":true,"href":"https:\/\/jusprev.org.br\/backup\/wp-json\/wp\/v2\/comments?post=12745"}],"version-history":[{"count":15,"href":"https:\/\/jusprev.org.br\/backup\/wp-json\/wp\/v2\/posts\/12745\/revisions"}],"predecessor-version":[{"id":12827,"href":"https:\/\/jusprev.org.br\/backup\/wp-json\/wp\/v2\/posts\/12745\/revisions\/12827"}],"wp:featuredmedia":[{"embeddable":true,"href":"https:\/\/jusprev.org.br\/backup\/wp-json\/wp\/v2\/media\/12746"}],"wp:attachment":[{"href":"https:\/\/jusprev.org.br\/backup\/wp-json\/wp\/v2\/media?parent=12745"}],"wp:term":[{"taxonomy":"category","embeddable":true,"href":"https:\/\/jusprev.org.br\/backup\/wp-json\/wp\/v2\/categories?post=12745"},{"taxonomy":"post_tag","embeddable":true,"href":"https:\/\/jusprev.org.br\/backup\/wp-json\/wp\/v2\/tags?post=12745"}],"curies":[{"name":"wp","href":"https:\/\/api.w.org\/{rel}","templated":true}]}}