{"id":12814,"date":"2019-09-02T08:01:39","date_gmt":"2019-09-02T11:01:39","guid":{"rendered":"https:\/\/jusprev.org.br\/backup\/?p=12814"},"modified":"2019-09-04T10:30:20","modified_gmt":"2019-09-04T13:30:20","slug":"presidente-do-comite-de-investimentos-da-jusprev-participa-de-seminario-da-abrapp","status":"publish","type":"post","link":"https:\/\/jusprev.org.br\/backup\/presidente-do-comite-de-investimentos-da-jusprev-participa-de-seminario-da-abrapp\/","title":{"rendered":"JUSPREV no 8\u00ba Semin\u00e1rio da Abrapp sobre Investimentos"},"content":{"rendered":"<p>A Associa\u00e7\u00e3o Brasileira das Entidades Fechadas de Previd\u00eancia Complementar \u2013 Abrapp \u2013 realizou o <strong>8\u00ba Semin\u00e1rio \u201cO Desafio da Gest\u00e3o de Investimentos na Previd\u00eancia Complementar Fechada\u201d, nos dias 27 e 28 de agosto, em S\u00e3o Paulo<\/strong>. O presidente do Comit\u00ea de Investimentos da JUSPREV, Doutor F\u00e1bio Bertoli Esmanhoto participou do evento, que abordou a conjuntura econ\u00f4mica e perspectivas para 2020, pol\u00edticas de investimentos e aloca\u00e7\u00e3o eficiente no cen\u00e1rio atual de juros baixos, estrat\u00e9gias de aloca\u00e7\u00e3o de ativos, entre outros assuntos do setor.<\/p>\n<p>Segundo F\u00e1bio Esmanhoto, o evento destacou a necessidade de adapta\u00e7\u00e3o dos fundos de pens\u00e3o \u00e0 nova realidade das taxas de juros b\u00e1sicos da economia brasileira, que al\u00e7aram os patamares mais baixos da hist\u00f3ria, com vi\u00e9s de baixa. \u201cO cen\u00e1rio se mostra desafiador. As entidades v\u00e3o precisar buscar alternativas de investimento, lan\u00e7ando m\u00e3o de investimentos mais complexos, com o consequente aumento do risco\u201d. Entre as alternativas apresentadas no Semin\u00e1rio, destacam-se as estrat\u00e9gias de renda vari\u00e1vel, os fundos de a\u00e7\u00f5es, investimentos estruturados, <em>hedge founds<\/em>, <em>private equity<\/em>, fundos imobili\u00e1rios e investimentos no exterior.<\/p>\n<p><img loading=\"lazy\" decoding=\"async\" class=\"alignnone wp-image-12816\" src=\"https:\/\/jusprev.org.br\/backup\/wp-content\/uploads\/2019\/09\/Semin\u00e1rio-Abrapp_site-300x211.jpg\" alt=\"\" width=\"284\" height=\"200\" srcset=\"https:\/\/jusprev.org.br\/backup\/wp-content\/uploads\/2019\/09\/Semin\u00e1rio-Abrapp_site-300x211.jpg 300w, https:\/\/jusprev.org.br\/backup\/wp-content\/uploads\/2019\/09\/Semin\u00e1rio-Abrapp_site-768x539.jpg 768w, https:\/\/jusprev.org.br\/backup\/wp-content\/uploads\/2019\/09\/Semin\u00e1rio-Abrapp_site-1024x719.jpg 1024w, https:\/\/jusprev.org.br\/backup\/wp-content\/uploads\/2019\/09\/Semin\u00e1rio-Abrapp_site.jpg 1141w\" sizes=\"auto, (max-width: 284px) 100vw, 284px\" \/><\/p>\n<p><em>\u00c0 esquerda, Doutor F\u00e1bio Bertoli Esmanhoto, presidente do Comit\u00ea de Investimentos da JUSPREV, e a direita, o presidente da Abrapp,Lu\u00eds Ricardo Marcondes Martins<\/em><\/p>\n","protected":false},"excerpt":{"rendered":"<p>A Associa\u00e7\u00e3o Brasileira das Entidades Fechadas de Previd\u00eancia Complementar \u2013 Abrapp \u2013 realizou o 8\u00ba Semin\u00e1rio \u201cO Desafio da Gest\u00e3o de Investimentos na Previd\u00eancia Complementar Fechada\u201d, nos dias 27 e&#8230;<\/p>\n","protected":false},"author":1,"featured_media":12816,"comment_status":"open","ping_status":"closed","sticky":false,"template":"","format":"standard","meta":{"footnotes":""},"categories":[52,31],"tags":[],"class_list":["post-12814","post","type-post","status-publish","format-standard","has-post-thumbnail","hentry","category-destaque","category-noticias"],"_links":{"self":[{"href":"https:\/\/jusprev.org.br\/backup\/wp-json\/wp\/v2\/posts\/12814","targetHints":{"allow":["GET"]}}],"collection":[{"href":"https:\/\/jusprev.org.br\/backup\/wp-json\/wp\/v2\/posts"}],"about":[{"href":"https:\/\/jusprev.org.br\/backup\/wp-json\/wp\/v2\/types\/post"}],"author":[{"embeddable":true,"href":"https:\/\/jusprev.org.br\/backup\/wp-json\/wp\/v2\/users\/1"}],"replies":[{"embeddable":true,"href":"https:\/\/jusprev.org.br\/backup\/wp-json\/wp\/v2\/comments?post=12814"}],"version-history":[{"count":7,"href":"https:\/\/jusprev.org.br\/backup\/wp-json\/wp\/v2\/posts\/12814\/revisions"}],"predecessor-version":[{"id":12826,"href":"https:\/\/jusprev.org.br\/backup\/wp-json\/wp\/v2\/posts\/12814\/revisions\/12826"}],"wp:featuredmedia":[{"embeddable":true,"href":"https:\/\/jusprev.org.br\/backup\/wp-json\/wp\/v2\/media\/12816"}],"wp:attachment":[{"href":"https:\/\/jusprev.org.br\/backup\/wp-json\/wp\/v2\/media?parent=12814"}],"wp:term":[{"taxonomy":"category","embeddable":true,"href":"https:\/\/jusprev.org.br\/backup\/wp-json\/wp\/v2\/categories?post=12814"},{"taxonomy":"post_tag","embeddable":true,"href":"https:\/\/jusprev.org.br\/backup\/wp-json\/wp\/v2\/tags?post=12814"}],"curies":[{"name":"wp","href":"https:\/\/api.w.org\/{rel}","templated":true}]}}