{"id":12865,"date":"2019-09-11T11:23:59","date_gmt":"2019-09-11T14:23:59","guid":{"rendered":"https:\/\/jusprev.org.br\/backup\/?p=12865"},"modified":"2019-09-11T11:25:07","modified_gmt":"2019-09-11T14:25:07","slug":"jusprev-na-9a-semana-institucional-da-magistratura-do-trabalho-do-pr","status":"publish","type":"post","link":"https:\/\/jusprev.org.br\/backup\/jusprev-na-9a-semana-institucional-da-magistratura-do-trabalho-do-pr\/","title":{"rendered":"JUSPREV na 9\u00aa Semana Institucional da Magistratura do Trabalho do PR"},"content":{"rendered":"<p>Nesta semana, entre os dias 09 e 13 de setembro, acontece na sede da Amatra IX \u2013 Associa\u00e7\u00e3o dos Magistrados do Trabalho da 9\u00aa Regi\u00e3o, em Curitiba (PR), a <strong>9\u00aa Semana Institucional da Magistratura do Trabalho do Paran\u00e1<\/strong>.<\/p>\n<p>A JUSPREV participa do evento, com a presen\u00e7a do consultor previdenci\u00e1rio da Regi\u00e3o Sul, Alexandre dos Santos. O objetivo \u00e9 tirar d\u00favidas sobre como funciona a Entidade e o plano de benef\u00edcios previdenci\u00e1rios, o PLANJUS.<\/p>\n<p>Magistrados que desejarem poder\u00e3o aderir ao plano da JUSPREV durante a Semana Institucional. O atendimento do consultor ser\u00e1 entre os dias 10 e 13 de setembro, no local do evento, das 10 \u00e0s 18h.<\/p>\n<p>Mais informa\u00e7\u00f5es: institucional@jusprev.org.br<\/p>\n","protected":false},"excerpt":{"rendered":"<p>Nesta semana, entre os dias 09 e 13 de setembro, acontece na sede da Amatra IX \u2013 Associa\u00e7\u00e3o dos Magistrados do Trabalho da 9\u00aa Regi\u00e3o, em Curitiba (PR), a 9\u00aa&#8230;<\/p>\n","protected":false},"author":1,"featured_media":0,"comment_status":"open","ping_status":"closed","sticky":false,"template":"","format":"standard","meta":{"footnotes":""},"categories":[52,31],"tags":[],"class_list":["post-12865","post","type-post","status-publish","format-standard","hentry","category-destaque","category-noticias"],"_links":{"self":[{"href":"https:\/\/jusprev.org.br\/backup\/wp-json\/wp\/v2\/posts\/12865","targetHints":{"allow":["GET"]}}],"collection":[{"href":"https:\/\/jusprev.org.br\/backup\/wp-json\/wp\/v2\/posts"}],"about":[{"href":"https:\/\/jusprev.org.br\/backup\/wp-json\/wp\/v2\/types\/post"}],"author":[{"embeddable":true,"href":"https:\/\/jusprev.org.br\/backup\/wp-json\/wp\/v2\/users\/1"}],"replies":[{"embeddable":true,"href":"https:\/\/jusprev.org.br\/backup\/wp-json\/wp\/v2\/comments?post=12865"}],"version-history":[{"count":2,"href":"https:\/\/jusprev.org.br\/backup\/wp-json\/wp\/v2\/posts\/12865\/revisions"}],"predecessor-version":[{"id":12867,"href":"https:\/\/jusprev.org.br\/backup\/wp-json\/wp\/v2\/posts\/12865\/revisions\/12867"}],"wp:attachment":[{"href":"https:\/\/jusprev.org.br\/backup\/wp-json\/wp\/v2\/media?parent=12865"}],"wp:term":[{"taxonomy":"category","embeddable":true,"href":"https:\/\/jusprev.org.br\/backup\/wp-json\/wp\/v2\/categories?post=12865"},{"taxonomy":"post_tag","embeddable":true,"href":"https:\/\/jusprev.org.br\/backup\/wp-json\/wp\/v2\/tags?post=12865"}],"curies":[{"name":"wp","href":"https:\/\/api.w.org\/{rel}","templated":true}]}}