{"id":12886,"date":"2019-09-17T16:11:03","date_gmt":"2019-09-17T19:11:03","guid":{"rendered":"https:\/\/jusprev.org.br\/backup\/?p=12886"},"modified":"2019-09-17T16:57:36","modified_gmt":"2019-09-17T19:57:36","slug":"confira-as-alteracoes-no-regulamento-do-planjus","status":"publish","type":"post","link":"https:\/\/jusprev.org.br\/backup\/confira-as-alteracoes-no-regulamento-do-planjus\/","title":{"rendered":"Confira o quadro comparativo com as altera\u00e7\u00f5es no Regulamento do PLANJUS"},"content":{"rendered":"<p><strong>Com o objetivo de buscar o melhor para os Participantes e Assistidos da JUSPREV<\/strong>, a Entidade comunica a altera\u00e7\u00e3o de alguns artigos do Regulamento do Plano de Benef\u00edcios Previdenci\u00e1rios &#8211; PLANJUS. As altera\u00e7\u00f5es foram aprovadas durante reuni\u00e3o do Conselho Deliberativo, realizada no dia 16 de agosto de 2019.<\/p>\n<p>Para atender \u00e0 Resolu\u00e7\u00e3o MPS\/CNPC n.\u00ba 05, de 18 de abril de 2011, que determina a <strong>comunica\u00e7\u00e3o pr\u00e9via das propostas de altera\u00e7\u00f5es<\/strong>, a JUSPREV elaborou quadro comparativo com a situa\u00e7\u00e3o atual e a situa\u00e7\u00e3o proposta do Regulamento, bem como, as justificativas para cada altera\u00e7\u00e3o.<\/p>\n<p><a href=\"https:\/\/jusprev.org.br\/backup\/wp-content\/uploads\/2019\/09\/QUADRO-COMPARATIVO_2019_Rev003.pdf\">Confira o quadro comparativo aqui.\u00a0<\/a><\/p>\n<p><a href=\"https:\/\/jusprev.org.br\/backup\/wp-content\/uploads\/2019\/09\/REGULAMENTO_PLANJUS_2019_Rev003_FINAL.pdf\">Acesse o Regulamento completo aqui.\u00a0<\/a><\/p>\n<p>&nbsp;<\/p>\n<p>&nbsp;<\/p>\n","protected":false},"excerpt":{"rendered":"<p>Com o objetivo de buscar o melhor para os Participantes e Assistidos da JUSPREV, a Entidade comunica a altera\u00e7\u00e3o de alguns artigos do Regulamento do Plano de Benef\u00edcios Previdenci\u00e1rios &#8211;&#8230;<\/p>\n","protected":false},"author":1,"featured_media":12887,"comment_status":"open","ping_status":"closed","sticky":false,"template":"","format":"standard","meta":{"footnotes":""},"categories":[52,31],"tags":[],"class_list":["post-12886","post","type-post","status-publish","format-standard","has-post-thumbnail","hentry","category-destaque","category-noticias"],"_links":{"self":[{"href":"https:\/\/jusprev.org.br\/backup\/wp-json\/wp\/v2\/posts\/12886","targetHints":{"allow":["GET"]}}],"collection":[{"href":"https:\/\/jusprev.org.br\/backup\/wp-json\/wp\/v2\/posts"}],"about":[{"href":"https:\/\/jusprev.org.br\/backup\/wp-json\/wp\/v2\/types\/post"}],"author":[{"embeddable":true,"href":"https:\/\/jusprev.org.br\/backup\/wp-json\/wp\/v2\/users\/1"}],"replies":[{"embeddable":true,"href":"https:\/\/jusprev.org.br\/backup\/wp-json\/wp\/v2\/comments?post=12886"}],"version-history":[{"count":4,"href":"https:\/\/jusprev.org.br\/backup\/wp-json\/wp\/v2\/posts\/12886\/revisions"}],"predecessor-version":[{"id":12894,"href":"https:\/\/jusprev.org.br\/backup\/wp-json\/wp\/v2\/posts\/12886\/revisions\/12894"}],"wp:featuredmedia":[{"embeddable":true,"href":"https:\/\/jusprev.org.br\/backup\/wp-json\/wp\/v2\/media\/12887"}],"wp:attachment":[{"href":"https:\/\/jusprev.org.br\/backup\/wp-json\/wp\/v2\/media?parent=12886"}],"wp:term":[{"taxonomy":"category","embeddable":true,"href":"https:\/\/jusprev.org.br\/backup\/wp-json\/wp\/v2\/categories?post=12886"},{"taxonomy":"post_tag","embeddable":true,"href":"https:\/\/jusprev.org.br\/backup\/wp-json\/wp\/v2\/tags?post=12886"}],"curies":[{"name":"wp","href":"https:\/\/api.w.org\/{rel}","templated":true}]}}