{"id":12912,"date":"2019-09-13T16:07:43","date_gmt":"2019-09-13T19:07:43","guid":{"rendered":"https:\/\/jusprev.org.br\/backup\/?p=12912"},"modified":"2019-09-20T17:11:32","modified_gmt":"2019-09-20T20:11:32","slug":"e-book-sobre-educacao-financeira","status":"publish","type":"post","link":"https:\/\/jusprev.org.br\/backup\/e-book-sobre-educacao-financeira\/","title":{"rendered":"E-book sobre Educa\u00e7\u00e3o Financeira"},"content":{"rendered":"<p>Aqui na JUSPREV, priorizamos o compromisso de ajudar nossos participantes a constru\u00edrem um futuro financeiro est\u00e1vel e tranquilo. Acreditamos que a Educa\u00e7\u00e3o Financeira tem uma parcela muito importante nesta constru\u00e7\u00e3o! Por isso, disponibilizamos um e-book com a tem\u00e1tica Educa\u00e7\u00e3o Financeira para uma Vida Plena. S\u00e3o dicas simples, mas que podem transformar seu planejamento financeiro. A autoria \u00e9 de Myrian Lund, especialista em finan\u00e7as.<\/p>\n<p><a href=\"https:\/\/jusprev.org.br\/backup\/wp-content\/uploads\/2019\/09\/e-book_jusprev_educacao_financeira_enef_2019.pdf\">Acesse aqui.\u00a0<\/a><\/p>\n<p><img loading=\"lazy\" decoding=\"async\" class=\"alignnone size-medium wp-image-12917\" src=\"https:\/\/jusprev.org.br\/backup\/wp-content\/uploads\/2019\/09\/E-book_1-212x300.png\" alt=\"\" width=\"212\" height=\"300\" srcset=\"https:\/\/jusprev.org.br\/backup\/wp-content\/uploads\/2019\/09\/E-book_1-212x300.png 212w, https:\/\/jusprev.org.br\/backup\/wp-content\/uploads\/2019\/09\/E-book_1.png 643w\" sizes=\"auto, (max-width: 212px) 100vw, 212px\" \/><\/p>\n<p>&nbsp;<\/p>\n<p>&nbsp;<\/p>\n<p>&nbsp;<\/p>\n<p>&nbsp;<\/p>\n","protected":false},"excerpt":{"rendered":"<p>Aqui na JUSPREV, priorizamos o compromisso de ajudar nossos participantes a constru\u00edrem um futuro financeiro est\u00e1vel e tranquilo. Acreditamos que a Educa\u00e7\u00e3o Financeira tem uma parcela muito importante nesta constru\u00e7\u00e3o!&#8230;<\/p>\n","protected":false},"author":1,"featured_media":12914,"comment_status":"open","ping_status":"closed","sticky":false,"template":"","format":"standard","meta":{"footnotes":""},"categories":[52,31],"tags":[],"class_list":["post-12912","post","type-post","status-publish","format-standard","has-post-thumbnail","hentry","category-destaque","category-noticias"],"_links":{"self":[{"href":"https:\/\/jusprev.org.br\/backup\/wp-json\/wp\/v2\/posts\/12912","targetHints":{"allow":["GET"]}}],"collection":[{"href":"https:\/\/jusprev.org.br\/backup\/wp-json\/wp\/v2\/posts"}],"about":[{"href":"https:\/\/jusprev.org.br\/backup\/wp-json\/wp\/v2\/types\/post"}],"author":[{"embeddable":true,"href":"https:\/\/jusprev.org.br\/backup\/wp-json\/wp\/v2\/users\/1"}],"replies":[{"embeddable":true,"href":"https:\/\/jusprev.org.br\/backup\/wp-json\/wp\/v2\/comments?post=12912"}],"version-history":[{"count":3,"href":"https:\/\/jusprev.org.br\/backup\/wp-json\/wp\/v2\/posts\/12912\/revisions"}],"predecessor-version":[{"id":12919,"href":"https:\/\/jusprev.org.br\/backup\/wp-json\/wp\/v2\/posts\/12912\/revisions\/12919"}],"wp:featuredmedia":[{"embeddable":true,"href":"https:\/\/jusprev.org.br\/backup\/wp-json\/wp\/v2\/media\/12914"}],"wp:attachment":[{"href":"https:\/\/jusprev.org.br\/backup\/wp-json\/wp\/v2\/media?parent=12912"}],"wp:term":[{"taxonomy":"category","embeddable":true,"href":"https:\/\/jusprev.org.br\/backup\/wp-json\/wp\/v2\/categories?post=12912"},{"taxonomy":"post_tag","embeddable":true,"href":"https:\/\/jusprev.org.br\/backup\/wp-json\/wp\/v2\/tags?post=12912"}],"curies":[{"name":"wp","href":"https:\/\/api.w.org\/{rel}","templated":true}]}}