{"id":12934,"date":"2019-09-27T10:07:24","date_gmt":"2019-09-27T13:07:24","guid":{"rendered":"https:\/\/jusprev.org.br\/backup\/?p=12934"},"modified":"2019-09-30T16:22:17","modified_gmt":"2019-09-30T19:22:17","slug":"jusprev-apresenta-o-planjus-para-associados-da-anfip-rj","status":"publish","type":"post","link":"https:\/\/jusprev.org.br\/backup\/jusprev-apresenta-o-planjus-para-associados-da-anfip-rj\/","title":{"rendered":"JUSPREV apresenta o PLANJUS para associados da ANFIP-RJ"},"content":{"rendered":"<p>No \u00faltimo dia 26 de setembro, a JUSPREV esteve presente da sede da ANFIP-RJ para apresentar o plano de benef\u00edcios previdenci\u00e1rios\u00a0&#8211; PLANJUS &#8211;\u00a0para associados da Entidade. A palestra foi realizada pela gerente da JUSPREV, Deborah Maggio, e pelo Presidente do Col\u00e9gio de Instituidoras da JUSPREV e Presidente da ANFIP, Dr. D\u00e9cio Bruno Lopes. O evento tamb\u00e9m contou com explana\u00e7\u00e3o do membro do Conselho Deliberativo da JUSPREV e assessor econ\u00f4mico da ANFIP, Dr. Vilson Ant\u00f4nio Romero, e participa\u00e7\u00e3o da consultora previdenci\u00e1ria Carolina Dutra. Al\u00e9m de apresentar a JUSPREV aos associados da ANFIP-RJ, o evento teve com tema central os \u201cImpactos da Reforma da Previd\u00eancia pra os Servidores P\u00fablicos e a Previd\u00eancia Complementar\u201d.<\/p>\n<p><img loading=\"lazy\" decoding=\"async\" class=\"alignnone size-medium wp-image-12935\" src=\"https:\/\/jusprev.org.br\/backup\/wp-content\/uploads\/2019\/09\/foto_ANFIP_1-300x228.jpg\" alt=\"\" width=\"300\" height=\"228\" srcset=\"https:\/\/jusprev.org.br\/backup\/wp-content\/uploads\/2019\/09\/foto_ANFIP_1-300x228.jpg 300w, https:\/\/jusprev.org.br\/backup\/wp-content\/uploads\/2019\/09\/foto_ANFIP_1.jpg 694w\" sizes=\"auto, (max-width: 300px) 100vw, 300px\" \/><\/p>\n<p><img loading=\"lazy\" decoding=\"async\" class=\"alignnone size-medium wp-image-12940\" src=\"https:\/\/jusprev.org.br\/backup\/wp-content\/uploads\/2019\/09\/7d2bfc3b-6b49-4361-b343-54b369e77fe0-300x225.jpg\" alt=\"\" width=\"300\" height=\"225\" srcset=\"https:\/\/jusprev.org.br\/backup\/wp-content\/uploads\/2019\/09\/7d2bfc3b-6b49-4361-b343-54b369e77fe0-300x225.jpg 300w, https:\/\/jusprev.org.br\/backup\/wp-content\/uploads\/2019\/09\/7d2bfc3b-6b49-4361-b343-54b369e77fe0-768x576.jpg 768w, https:\/\/jusprev.org.br\/backup\/wp-content\/uploads\/2019\/09\/7d2bfc3b-6b49-4361-b343-54b369e77fe0-1024x768.jpg 1024w, https:\/\/jusprev.org.br\/backup\/wp-content\/uploads\/2019\/09\/7d2bfc3b-6b49-4361-b343-54b369e77fe0-800x600.jpg 800w, https:\/\/jusprev.org.br\/backup\/wp-content\/uploads\/2019\/09\/7d2bfc3b-6b49-4361-b343-54b369e77fe0.jpg 1280w\" sizes=\"auto, (max-width: 300px) 100vw, 300px\" \/><\/p>\n","protected":false},"excerpt":{"rendered":"<p>No \u00faltimo dia 26 de setembro, a JUSPREV esteve presente da sede da ANFIP-RJ para apresentar o plano de benef\u00edcios previdenci\u00e1rios\u00a0&#8211; PLANJUS &#8211;\u00a0para associados da Entidade. A palestra foi realizada&#8230;<\/p>\n","protected":false},"author":1,"featured_media":12935,"comment_status":"open","ping_status":"closed","sticky":false,"template":"","format":"standard","meta":{"footnotes":""},"categories":[52,31],"tags":[],"class_list":["post-12934","post","type-post","status-publish","format-standard","has-post-thumbnail","hentry","category-destaque","category-noticias"],"_links":{"self":[{"href":"https:\/\/jusprev.org.br\/backup\/wp-json\/wp\/v2\/posts\/12934","targetHints":{"allow":["GET"]}}],"collection":[{"href":"https:\/\/jusprev.org.br\/backup\/wp-json\/wp\/v2\/posts"}],"about":[{"href":"https:\/\/jusprev.org.br\/backup\/wp-json\/wp\/v2\/types\/post"}],"author":[{"embeddable":true,"href":"https:\/\/jusprev.org.br\/backup\/wp-json\/wp\/v2\/users\/1"}],"replies":[{"embeddable":true,"href":"https:\/\/jusprev.org.br\/backup\/wp-json\/wp\/v2\/comments?post=12934"}],"version-history":[{"count":5,"href":"https:\/\/jusprev.org.br\/backup\/wp-json\/wp\/v2\/posts\/12934\/revisions"}],"predecessor-version":[{"id":12952,"href":"https:\/\/jusprev.org.br\/backup\/wp-json\/wp\/v2\/posts\/12934\/revisions\/12952"}],"wp:featuredmedia":[{"embeddable":true,"href":"https:\/\/jusprev.org.br\/backup\/wp-json\/wp\/v2\/media\/12935"}],"wp:attachment":[{"href":"https:\/\/jusprev.org.br\/backup\/wp-json\/wp\/v2\/media?parent=12934"}],"wp:term":[{"taxonomy":"category","embeddable":true,"href":"https:\/\/jusprev.org.br\/backup\/wp-json\/wp\/v2\/categories?post=12934"},{"taxonomy":"post_tag","embeddable":true,"href":"https:\/\/jusprev.org.br\/backup\/wp-json\/wp\/v2\/tags?post=12934"}],"curies":[{"name":"wp","href":"https:\/\/api.w.org\/{rel}","templated":true}]}}