{"id":12945,"date":"2019-09-30T16:14:39","date_gmt":"2019-09-30T19:14:39","guid":{"rendered":"https:\/\/jusprev.org.br\/backup\/?p=12945"},"modified":"2019-09-30T16:26:51","modified_gmt":"2019-09-30T19:26:51","slug":"confira-o-informativo-jusprev-online-3","status":"publish","type":"post","link":"https:\/\/jusprev.org.br\/backup\/confira-o-informativo-jusprev-online-3\/","title":{"rendered":"Confira o informativo JUSPREV Online"},"content":{"rendered":"<p>Prezado(a) Participante,<\/p>\n<p>Acompanhe as novidades da JUSPREV no informativo do m\u00eas de setembro\/2019. A edi\u00e7\u00e3o traz uma mat\u00e9ria especial sobre como o tempo e aposentadoria est\u00e3o diretamente relacionados. Tamb\u00e9m apresenta os eventos do per\u00edodo, com a participa\u00e7\u00e3o da Entidade. E como estamos chegando no M\u00eas das Crian\u00e7as, que tal presentear os pequenos com a Renda Mensal Programada, destinada para a aposentadoria?<\/p>\n<p>Leia o boletim completo:\u00a0<a href=\"https:\/\/jusprev.org.br\/backup\/wp-content\/uploads\/2019\/08\/informativo_setembro.pdf\">Clique aqui.<\/a><\/p>\n<p><img loading=\"lazy\" decoding=\"async\" class=\"alignnone size-large wp-image-12946\" src=\"https:\/\/jusprev.org.br\/backup\/wp-content\/uploads\/2019\/09\/informativo_setembro_capa-304x1024.jpg\" alt=\"\" width=\"304\" height=\"1024\" srcset=\"https:\/\/jusprev.org.br\/backup\/wp-content\/uploads\/2019\/09\/informativo_setembro_capa-304x1024.jpg 304w, https:\/\/jusprev.org.br\/backup\/wp-content\/uploads\/2019\/09\/informativo_setembro_capa-89x300.jpg 89w, https:\/\/jusprev.org.br\/backup\/wp-content\/uploads\/2019\/09\/informativo_setembro_capa.jpg 601w\" sizes=\"auto, (max-width: 304px) 100vw, 304px\" \/><\/p>\n","protected":false},"excerpt":{"rendered":"<p>Prezado(a) Participante, Acompanhe as novidades da JUSPREV no informativo do m\u00eas de setembro\/2019. A edi\u00e7\u00e3o traz uma mat\u00e9ria especial sobre como o tempo e aposentadoria est\u00e3o diretamente relacionados. Tamb\u00e9m apresenta&#8230;<\/p>\n","protected":false},"author":1,"featured_media":12947,"comment_status":"open","ping_status":"closed","sticky":false,"template":"","format":"standard","meta":{"footnotes":""},"categories":[52,31],"tags":[],"class_list":["post-12945","post","type-post","status-publish","format-standard","has-post-thumbnail","hentry","category-destaque","category-noticias"],"_links":{"self":[{"href":"https:\/\/jusprev.org.br\/backup\/wp-json\/wp\/v2\/posts\/12945","targetHints":{"allow":["GET"]}}],"collection":[{"href":"https:\/\/jusprev.org.br\/backup\/wp-json\/wp\/v2\/posts"}],"about":[{"href":"https:\/\/jusprev.org.br\/backup\/wp-json\/wp\/v2\/types\/post"}],"author":[{"embeddable":true,"href":"https:\/\/jusprev.org.br\/backup\/wp-json\/wp\/v2\/users\/1"}],"replies":[{"embeddable":true,"href":"https:\/\/jusprev.org.br\/backup\/wp-json\/wp\/v2\/comments?post=12945"}],"version-history":[{"count":7,"href":"https:\/\/jusprev.org.br\/backup\/wp-json\/wp\/v2\/posts\/12945\/revisions"}],"predecessor-version":[{"id":12955,"href":"https:\/\/jusprev.org.br\/backup\/wp-json\/wp\/v2\/posts\/12945\/revisions\/12955"}],"wp:featuredmedia":[{"embeddable":true,"href":"https:\/\/jusprev.org.br\/backup\/wp-json\/wp\/v2\/media\/12947"}],"wp:attachment":[{"href":"https:\/\/jusprev.org.br\/backup\/wp-json\/wp\/v2\/media?parent=12945"}],"wp:term":[{"taxonomy":"category","embeddable":true,"href":"https:\/\/jusprev.org.br\/backup\/wp-json\/wp\/v2\/categories?post=12945"},{"taxonomy":"post_tag","embeddable":true,"href":"https:\/\/jusprev.org.br\/backup\/wp-json\/wp\/v2\/tags?post=12945"}],"curies":[{"name":"wp","href":"https:\/\/api.w.org\/{rel}","templated":true}]}}