{"id":12956,"date":"2019-10-02T15:51:22","date_gmt":"2019-10-02T18:51:22","guid":{"rendered":"https:\/\/jusprev.org.br\/backup\/?p=12956"},"modified":"2019-10-07T11:28:56","modified_gmt":"2019-10-07T14:28:56","slug":"veja-como-fazer-a-adesao-da-renda-mensal-programada-para-os-pequenos","status":"publish","type":"post","link":"https:\/\/jusprev.org.br\/backup\/veja-como-fazer-a-adesao-da-renda-mensal-programada-para-os-pequenos\/","title":{"rendered":"Veja as vantagens e como fazer a ades\u00e3o da Renda Mensal Programada para os pequenos"},"content":{"rendered":"<p><strong>Neste m\u00eas, a JUSPREV faz uma proposta de cuidado com o futuro das nossas crian\u00e7as!<\/strong> A Renda Mensal Programada pode ser estendida para os filhos, dependentes econ\u00f4micos dos participantes. Tamb\u00e9m podem aderir netos, sobrinhos ou outros graus afetivos, sujeito a consulta do estatuto da Associa\u00e7\u00e3o Instituidora que o participante integra.<\/p>\n<p>Ao iniciar a Renda Mensal Programada para os pequenos, muitas s\u00e3o as vantagens. \u00c9 poss\u00edvel come\u00e7ar a poupar com menos de R$100,00 (cem reais) mensais. Na JUSPREV o valor m\u00ednimo de contribui\u00e7\u00e3o para o PLANJUS varia conforme a idade do participante. Entre 0 e 18 anos, o valor m\u00ednimo atual \u00e9 de R$88,41 (oitenta e oito reais e quarenta e um centavos).<\/p>\n<p>Quanto antes planejar a aposentadoria, melhor. O tempo de contribui\u00e7\u00e3o ir\u00e1 se unir com dois grandes aliados: rentabilidade e ac\u00famulo de ativos.<\/p>\n<p>Veja abaixo uma <em>simula\u00e7\u00e3o<\/em> de saldo acumulado de uma crian\u00e7a que completou exatamente um ano em 23 de setembro de 2019, no qual os pais j\u00e1 pensaram em fazer um planejamento de aposentadoria na JUSPREV, e ir\u00e1 se aposentar a partir dos 60 anos*:<\/p>\n<p><img loading=\"lazy\" decoding=\"async\" class=\"size-full wp-image-12957 aligncenter\" src=\"https:\/\/jusprev.org.br\/backup\/wp-content\/uploads\/2019\/10\/tabela_1.png\" alt=\"\" width=\"659\" height=\"180\" \/><\/p>\n<p>No c\u00e1lculo foram considerados 6%a.a. de rentabilidade e taxa de administra\u00e7\u00e3o de 0,7%, e nenhum aporte extraordin\u00e1rio, apenas a evolu\u00e7\u00e3o do valor de contribui\u00e7\u00e3o, segundo o m\u00ednimo exigido para cada faixa et\u00e1ria, sendo R$ 88,41 at\u00e9 os 18 anos, R$ 176,83 entre os 19 e os 25 anos e R$ 353,67 para acima dessa idade. (*Simula\u00e7\u00e3o sujeita a prov\u00e1veis varia\u00e7\u00f5es econ\u00f4micas e pol\u00edticas e, por isso, n\u00e3o h\u00e1 como garantir os n\u00fameros das simula\u00e7\u00f5es realizadas)<\/p>\n<p>Com esses par\u00e2metros, a rentabilidade representa a maior parte do saldo acumulado, com mais de 70% do valor total:<\/p>\n<p><img loading=\"lazy\" decoding=\"async\" class=\" wp-image-12958 aligncenter\" src=\"https:\/\/jusprev.org.br\/backup\/wp-content\/uploads\/2019\/10\/tabela_2.png\" alt=\"\" width=\"643\" height=\"218\" srcset=\"https:\/\/jusprev.org.br\/backup\/wp-content\/uploads\/2019\/10\/tabela_2.png 693w, https:\/\/jusprev.org.br\/backup\/wp-content\/uploads\/2019\/10\/tabela_2-300x102.png 300w\" sizes=\"auto, (max-width: 643px) 100vw, 643px\" \/><\/p>\n<p>&nbsp;<\/p>\n<p>Ou seja, o esfor\u00e7o financeiro do participante \u00e9 menor que o retorno financeiro ao longo dos anos. Bom n\u00e9? Mas&#8230; quer potencializar o investimento? Veja como ele fica com apenas um aporte inicial de R$ 10.000,00:<\/p>\n<p><img loading=\"lazy\" decoding=\"async\" class=\"size-full wp-image-12959 aligncenter\" src=\"https:\/\/jusprev.org.br\/backup\/wp-content\/uploads\/2019\/10\/tabela_3.png\" alt=\"\" width=\"660\" height=\"179\" srcset=\"https:\/\/jusprev.org.br\/backup\/wp-content\/uploads\/2019\/10\/tabela_3.png 660w, https:\/\/jusprev.org.br\/backup\/wp-content\/uploads\/2019\/10\/tabela_3-300x81.png 300w\" sizes=\"auto, (max-width: 660px) 100vw, 660px\" \/><\/p>\n<p>&nbsp;<\/p>\n<p>E veja a rentabilidade:<\/p>\n<p><img loading=\"lazy\" decoding=\"async\" class=\"wp-image-12960 aligncenter\" src=\"https:\/\/jusprev.org.br\/backup\/wp-content\/uploads\/2019\/10\/tabela_4.png\" alt=\"\" width=\"660\" height=\"221\" srcset=\"https:\/\/jusprev.org.br\/backup\/wp-content\/uploads\/2019\/10\/tabela_4.png 693w, https:\/\/jusprev.org.br\/backup\/wp-content\/uploads\/2019\/10\/tabela_4-300x100.png 300w\" sizes=\"auto, (max-width: 660px) 100vw, 660px\" \/><\/p>\n<p>Agende agora mesmo a sua consultoria personalizada, para ajudar na constru\u00e7\u00e3o do futuro daqueles que mais ama!<\/p>\n<p><strong>Fale com a gente: <a href=\"mailto:consultoria@jusprev.org.br\">consultoria@jusprev.org.br<\/a>.<\/strong><\/p>\n","protected":false},"excerpt":{"rendered":"<p>Neste m\u00eas, a JUSPREV faz uma proposta de cuidado com o futuro das nossas crian\u00e7as! A Renda Mensal Programada pode ser estendida para os filhos, dependentes econ\u00f4micos dos participantes. Tamb\u00e9m&#8230;<\/p>\n","protected":false},"author":1,"featured_media":13000,"comment_status":"open","ping_status":"closed","sticky":false,"template":"","format":"standard","meta":{"footnotes":""},"categories":[52,31],"tags":[],"class_list":["post-12956","post","type-post","status-publish","format-standard","has-post-thumbnail","hentry","category-destaque","category-noticias"],"_links":{"self":[{"href":"https:\/\/jusprev.org.br\/backup\/wp-json\/wp\/v2\/posts\/12956","targetHints":{"allow":["GET"]}}],"collection":[{"href":"https:\/\/jusprev.org.br\/backup\/wp-json\/wp\/v2\/posts"}],"about":[{"href":"https:\/\/jusprev.org.br\/backup\/wp-json\/wp\/v2\/types\/post"}],"author":[{"embeddable":true,"href":"https:\/\/jusprev.org.br\/backup\/wp-json\/wp\/v2\/users\/1"}],"replies":[{"embeddable":true,"href":"https:\/\/jusprev.org.br\/backup\/wp-json\/wp\/v2\/comments?post=12956"}],"version-history":[{"count":20,"href":"https:\/\/jusprev.org.br\/backup\/wp-json\/wp\/v2\/posts\/12956\/revisions"}],"predecessor-version":[{"id":13022,"href":"https:\/\/jusprev.org.br\/backup\/wp-json\/wp\/v2\/posts\/12956\/revisions\/13022"}],"wp:featuredmedia":[{"embeddable":true,"href":"https:\/\/jusprev.org.br\/backup\/wp-json\/wp\/v2\/media\/13000"}],"wp:attachment":[{"href":"https:\/\/jusprev.org.br\/backup\/wp-json\/wp\/v2\/media?parent=12956"}],"wp:term":[{"taxonomy":"category","embeddable":true,"href":"https:\/\/jusprev.org.br\/backup\/wp-json\/wp\/v2\/categories?post=12956"},{"taxonomy":"post_tag","embeddable":true,"href":"https:\/\/jusprev.org.br\/backup\/wp-json\/wp\/v2\/tags?post=12956"}],"curies":[{"name":"wp","href":"https:\/\/api.w.org\/{rel}","templated":true}]}}