{"id":12985,"date":"2019-09-26T10:04:30","date_gmt":"2019-09-26T13:04:30","guid":{"rendered":"https:\/\/jusprev.org.br\/backup\/?p=12985"},"modified":"2019-10-03T10:14:45","modified_gmt":"2019-10-03T13:14:45","slug":"coluna-viagem-e-gourmet-outubro-2019-por-adriana-lage","status":"publish","type":"post","link":"https:\/\/jusprev.org.br\/backup\/coluna-viagem-e-gourmet-outubro-2019-por-adriana-lage\/","title":{"rendered":"Coluna &#8220;Viagem e Gourmet&#8221;- Outubro 2019 &#8211; Por Adriana Lage"},"content":{"rendered":"<p><strong>ONDE CELEBRAR O HALLOWEEN NOS ESTADOS UNIDOS<\/strong><\/p>\n<p><strong>Dallas, Texas<\/strong><\/p>\n<p><img loading=\"lazy\" decoding=\"async\" class=\"alignleft size-medium wp-image-12988\" src=\"https:\/\/jusprev.org.br\/backup\/wp-content\/uploads\/2019\/10\/dallas-arboretum-300x206.jpg\" alt=\"\" width=\"300\" height=\"206\" srcset=\"https:\/\/jusprev.org.br\/backup\/wp-content\/uploads\/2019\/10\/dallas-arboretum-300x206.jpg 300w, https:\/\/jusprev.org.br\/backup\/wp-content\/uploads\/2019\/10\/dallas-arboretum-768x528.jpg 768w, https:\/\/jusprev.org.br\/backup\/wp-content\/uploads\/2019\/10\/dallas-arboretum.jpg 773w\" sizes=\"auto, (max-width: 300px) 100vw, 300px\" \/><\/p>\n<p>O Dallas Arboretum and Botanical Garden \u00e9 considerado um dos melhores do mundo, com mais de 1,4 milh\u00e3o de plantas distribu\u00eddas pelos 26,7 hectares da propriedade e constantemente figura na lista dos mais bonitos festivais de ab\u00f3bora dos Estados Unidos.<\/p>\n<p>Mais de 90 mil ab\u00f3boras s\u00e3o usadas para criar cen\u00e1rios, casas e jardins em tons alaranjado e compor a paisagem outonal do jardim. Um col\u00edrio para os olhos, que encanta crian\u00e7as e adultos igualmente.<\/p>\n<p>At\u00e9 31 de outubro, US$ 12, <a href=\"https:\/\/www.dallasarboretum.org\">dallasarboretum.org<\/a><\/p>\n<p>&nbsp;<\/p>\n<p><strong>Las Vegas, Nevada<\/strong><\/p>\n<p>Se festas, divers\u00e3o e agito fazem parte do seu roteiro de viagem, considere Las Vegas como seu destino de Halloween. A cidade inteira promove altas festas, noites tem\u00e1ticas em discotecas, grandes produ\u00e7\u00f5es, apresenta\u00e7\u00f5es de dan\u00e7a. shows de horror, inclusive para crian\u00e7as, sem falar na decora\u00e7\u00e3o dos hot\u00e9is, que vale a visita.<\/p>\n<p>&nbsp;<\/p>\n<p><strong>S\u00e3o Francisco, Calif\u00f3rnia<\/strong><\/p>\n<p>Mesmo sendo bastante tur\u00edstica, em S\u00e3o Francisco conseguimos ver a tradi\u00e7\u00e3o do Halloween aut\u00eantica, quando pais e filhos saem fantasiados \u00e0s ruas pedindo doces ou travessuras nas lojas e resid\u00eancias nos bairros onde vivem.<\/p>\n<p>H\u00e1 v\u00e1rios cantinhos enfeitados na cidade, mas talvez o mais famoso seja o Clancy\u2019s Pumpkin Patch, um trecho de rua adornado pela empresa familiar Clancy\u2019s Christmas Trees and Pumpkins desde 1979.<\/p>\n<p>&nbsp;<\/p>\n<p><strong>Nova York, NY<\/strong><\/p>\n<p><img loading=\"lazy\" decoding=\"async\" class=\"alignleft size-medium wp-image-12990\" src=\"https:\/\/jusprev.org.br\/backup\/wp-content\/uploads\/2019\/10\/still-life-3698130_1280-300x200.jpg\" alt=\"\" width=\"300\" height=\"200\" srcset=\"https:\/\/jusprev.org.br\/backup\/wp-content\/uploads\/2019\/10\/still-life-3698130_1280-300x200.jpg 300w, https:\/\/jusprev.org.br\/backup\/wp-content\/uploads\/2019\/10\/still-life-3698130_1280-768x512.jpg 768w, https:\/\/jusprev.org.br\/backup\/wp-content\/uploads\/2019\/10\/still-life-3698130_1280-1024x682.jpg 1024w, https:\/\/jusprev.org.br\/backup\/wp-content\/uploads\/2019\/10\/still-life-3698130_1280.jpg 1280w\" sizes=\"auto, (max-width: 300px) 100vw, 300px\" \/><\/p>\n<p>O Jardim Bot\u00e2nico de Nova York recria todos os anos o Jardim da Ab\u00f3bora Assombrada, expondo mais de 100 ab\u00f3boras e espantalhos enfeitados para crian\u00e7as e adultos explorarem sozinhos ou em atividades tem\u00e1ticas. Tamb\u00e9m h\u00e1 atividades para os visitantes esculpirem suas pr\u00f3prias ab\u00f3boras e se assombrarem com insetos, cobras e lagartos. Nas noites de sexta e s\u00e1bado (18, 19, 25 e 26 de outubro de 18h30 \u00e0s 20h30) acontece a festa Spooky Pumpkin Night, com todo mundo fantasiado.<\/p>\n<p>At\u00e9 31 de outubro, <a href=\"https:\/\/www.nybg.org\/event\/scarecrows-pumpkins\/\">nybg.org<\/a><\/p>\n<p>&nbsp;<\/p>\n<p>&nbsp;<\/p>\n<p><strong>ONDE PASSAR NATAL E ANO NOVO<\/strong><\/p>\n<p><strong>Innsbruck, \u00c1ustria<\/strong><\/p>\n<p><img loading=\"lazy\" decoding=\"async\" class=\"alignleft size-medium wp-image-12993\" src=\"https:\/\/jusprev.org.br\/backup\/wp-content\/uploads\/2019\/10\/mercado-de-natal-de-innsbruck-300x210.jpg\" alt=\"\" width=\"300\" height=\"210\" srcset=\"https:\/\/jusprev.org.br\/backup\/wp-content\/uploads\/2019\/10\/mercado-de-natal-de-innsbruck-300x210.jpg 300w, https:\/\/jusprev.org.br\/backup\/wp-content\/uploads\/2019\/10\/mercado-de-natal-de-innsbruck.jpg 610w\" sizes=\"auto, (max-width: 300px) 100vw, 300px\" \/><\/p>\n<p>Imagine as luzes das \u00e1rvores de Natal a dan\u00e7ar ao som de m\u00fasicas natalinas enquanto sente o aroma da pastelaria fresca que preenche as pra\u00e7as e ruas da capital do Tirol, no vale cercado de montanhas alpinas cobertas de neve. Os mercados de Natal de Innsbruck est\u00e3o entre os mais rom\u00e2nticos dos Alpes e menos concorridos que os de Viena.<\/p>\n<p>Aproveite para passar uns dias de relaxamento e restaurar as energias no <a href=\"https:\/\/www.booking.com\/hotel\/at\/aqua-dome-4-sterne-superior-tirol-therme-langenfeld.en-gb.html?aid=1267443;sid=e72543a1a3428ae8ee56a79e4af2041c;dest_id=257707;dest_type=landmark;dist=0;group_adults=2;group_children=0;hapos=4;hpos=4;no_rooms=1;room1=A%2CA;sb_price_type=total;sr_order=popularity;srepoch=1570013352;srpvid=2b734c13b3310088;type=total;ucfs=1&amp;#hotelTmpl\">Aqua Dome Spa &amp; Wellness<\/a>, um hotel inteiramente dedicado ao bem estar, que oferece experi\u00eancias \u00fanicas de spa, saunas, piscinas e tratamentos para o corpo e a alma.<\/p>\n<p>&nbsp;<\/p>\n<p>&nbsp;<\/p>\n<p><strong>Natal Luz de Gramado<\/strong><\/p>\n<p>O destino \u00e9 tradicional e, sem d\u00favida, a experi\u00eancia natalina mais encantadora do Brasil. Gramado se transforma como num passe de m\u00e1gica, repleta de \u00e1rvores, postes e fachadas iluminadas, desfiles, apresenta\u00e7\u00f5es musicais e teatrais, eventos emocionantes e a casa do Papai Noel.<\/p>\n<p>\u00c9 verdade que a cidade lota, no entanto todos os visitantes voltam maravilhados com tudo o que a cidade oferece para fam\u00edlias, especialmente. Programe-se com anteced\u00eancia, porque os <a href=\"https:\/\/www.booking.com\/searchresults.en-gb.html?aid=1267443&amp;sid=e72543a1a3428ae8ee56a79e4af2041c&amp;tmpl=searchresults&amp;ac_click_type=b&amp;ac_position=0&amp;city=-290692&amp;class_interval=1&amp;dest_id=-645052&amp;dest_type=city&amp;dtdisc=0&amp;from_sf=1&amp;group_adults=2&amp;group_children=0&amp;inac=0&amp;index_postcard=0&amp;label_click=undef&amp;no_rooms=1&amp;postcard=0&amp;raw_dest_type=city&amp;room1=A%2CA&amp;sb_price_type=total&amp;search_selected=1&amp;shw_aparth=1&amp;slp_r_match=0&amp;src=searchresults&amp;srpvid=586452ae269202d7&amp;ss=Gramado%2C%20Rio%20Grande%20do%20Sul%2C%20Brazil&amp;ss_all=0&amp;ss_raw=gramado&amp;ssb=empty&amp;sshis=0&amp;ssne=Cairo&amp;ssne_untouched=Cairo&amp;top_ufis=1&amp;nflt=di%3D10040%3Bclass%3D5%3Bclass%3D4%3Breview_score%3D80%3B&amp;rsf=\">melhores hot\u00e9is<\/a> costumam lotar r\u00e1pido.<\/p>\n<p><strong>Lisboa, Portugal<\/strong><\/p>\n<p><img loading=\"lazy\" decoding=\"async\" class=\"alignleft size-medium wp-image-12994\" src=\"https:\/\/jusprev.org.br\/backup\/wp-content\/uploads\/2019\/10\/corinthia-hotel-lisbon-300x168.jpg\" alt=\"\" width=\"300\" height=\"168\" srcset=\"https:\/\/jusprev.org.br\/backup\/wp-content\/uploads\/2019\/10\/corinthia-hotel-lisbon-300x168.jpg 300w, https:\/\/jusprev.org.br\/backup\/wp-content\/uploads\/2019\/10\/corinthia-hotel-lisbon.jpg 660w\" sizes=\"auto, (max-width: 300px) 100vw, 300px\" \/><\/p>\n<p>Eleito pelo 3\u00ba ano consecutivo o melhor destino tur\u00edstico do mundo, Portugal continua em ascens\u00e3o e Lisboa \u00e9 a porta de entrada que conquista os visitantes \u00e0 primeira vista. Arte, cultura, arquitetura, gastronomia, atra\u00e7\u00f5es podem ocupar a agenda dos visitantes por v\u00e1rias semanas, dividindo o tempo com aldeias e pequenas cidades vizinhas neste pa\u00eds multifacetado.<\/p>\n<p>Gra\u00e7as ao clima mais ameno com m\u00e1xima de 15 graus e m\u00ednima de 9 graus, Portugal \u00e9 excelente destino para quem deseja ir \u00e0 Europa sem se expor \u00e0s temperaturas muito baixas de outras capitais europeias.<\/p>\n<p>O <a href=\"https:\/\/www.booking.com\/hotel\/pt\/corinthia-hotel-lisbon.en-gb.html?aid=1267443;sid=e72543a1a3428ae8ee56a79e4af2041c;dest_id=-2167973;dest_type=city;dist=0;group_adults=2;group_children=0;hapos=1;hpos=1;no_rooms=1;room1=A%2CA;sb_price_type=total;sr_order=popularity;srepoch=1570013734;srpvid=3be04cd2fb22012e;type=total;ucfs=1&amp;#hotelTmpl\"><strong>Corinthia Hotel Lisbon<\/strong><\/a> est\u00e1 oferecendo um pacote de privil\u00e9gios exclusivos para o Ano Novo aos clientes Jusprev, entre eles: tratamento VIP com Vinho do Porto e tarteletes de chocolate, uma garrafa de vinho para duas pessoas para acompanhar a refei\u00e7\u00e3o no restaurante Erva e 10% de desconto sobre o pacote de 5 ou 2 noites para reservas at\u00e9 15 de novembro.<\/p>\n<p>Os privil\u00e9gios s\u00e3o v\u00e1lidos apenas para clientes que realizarem a reserva diretamente com a <a href=\"https:\/\/api.whatsapp.com\/send?1=pt_BR&amp;phone=5511999892862\">Maktub Viagens Especiais<\/a>.<\/p>\n<p><strong>Cairo, Egito<\/strong><\/p>\n<p><img loading=\"lazy\" decoding=\"async\" class=\"alignleft size-medium wp-image-12991\" src=\"https:\/\/jusprev.org.br\/backup\/wp-content\/uploads\/2019\/10\/four-seasons-nile-cairo-300x211.jpg\" alt=\"\" width=\"300\" height=\"211\" srcset=\"https:\/\/jusprev.org.br\/backup\/wp-content\/uploads\/2019\/10\/four-seasons-nile-cairo-300x211.jpg 300w, https:\/\/jusprev.org.br\/backup\/wp-content\/uploads\/2019\/10\/four-seasons-nile-cairo-768x540.jpg 768w, https:\/\/jusprev.org.br\/backup\/wp-content\/uploads\/2019\/10\/four-seasons-nile-cairo.jpg 1024w\" sizes=\"auto, (max-width: 300px) 100vw, 300px\" \/><\/p>\n<p>Uma experi\u00eancia diferente para comemorar o fim do ano \u00e9 passar o feriado em um pa\u00eds de cultura milenar, muito diversa da ocidental. Destino excelente para fam\u00edlias, as crian\u00e7as tamb\u00e9m se surpreendem com as pir\u00e2mides, \u00fanica das 7 maravilhas do mundo antigo de p\u00e9. A extens\u00e3o a Luxor, Aswan, Abu Simbel e as praias id\u00edlicas do Mar Vermelho completa a viagem m\u00e1gica que ficar\u00e1 na mem\u00f3ria para toda a vida.<\/p>\n<p><a href=\"https:\/\/www.booking.com\/hotel\/eg\/four-seasons-cairo-at-nile-plaza.en-gb.html?aid=1267443&amp;sid=e72543a1a3428ae8ee56a79e4af2041c&amp;dest_id=-290692&amp;dest_type=city&amp;group_adults=2&amp;group_children=0&amp;hapos=1&amp;hpos=1&amp;no_rooms=1&amp;sr_order=popularity&amp;srepoch=1570014744&amp;srpvid=eb894ecc1f920044&amp;ucfs=1&amp;from=searchresults;highlight_room=#hotelTmpl\">Four Seasons Hotel Cairo at Nile Plaza<\/a> promove uma festa suntuosa no Ano Novo, trazendo os melhores artistas do pa\u00eds durante o jantar com menu de especialidades eg\u00edpcias.<\/p>\n<p>Clientes que reservarem os hot\u00e9is ou suas viagens com a <a href=\"https:\/\/api.whatsapp.com\/send?1=pt_BR&amp;phone=5511999892862\">Maktub Viagens Especiais<\/a> ganham privil\u00e9gios exclusivos.<\/p>\n<p>&nbsp;<\/p>\n<p><strong>GIRO GASTRON\u00d4MICO NO BRASIL<\/strong><\/p>\n<p><strong>Imakay, S\u00e3o Paulo<\/strong><\/p>\n<p>O novo restaurante aposta em culin\u00e1ria oriental e fortes influ\u00eancias peruanas, sob o comando dos experientes chefs David Rodrigues e Lu\u00eds Eduardo Mora. Al\u00e9m dos pratos cl\u00e1ssicos, o menu inclui sushis, atum selado na parrilla e polvo marinado em chimichurri. <a href=\"https:\/\/www.instagram.com\/imakaysaopaulo\/\">imakaysaopaulo<\/a><\/p>\n<p><strong>INO, Rio de Janeiro<\/strong><\/p>\n<p><img loading=\"lazy\" decoding=\"async\" class=\"alignleft size-medium wp-image-12992\" src=\"https:\/\/jusprev.org.br\/backup\/wp-content\/uploads\/2019\/10\/ino-restaurante-rio-300x200.jpg\" alt=\"\" width=\"300\" height=\"200\" srcset=\"https:\/\/jusprev.org.br\/backup\/wp-content\/uploads\/2019\/10\/ino-restaurante-rio-300x200.jpg 300w, https:\/\/jusprev.org.br\/backup\/wp-content\/uploads\/2019\/10\/ino-restaurante-rio-768x511.jpg 768w, https:\/\/jusprev.org.br\/backup\/wp-content\/uploads\/2019\/10\/ino-restaurante-rio.jpg 1000w\" sizes=\"auto, (max-width: 300px) 100vw, 300px\" \/><\/p>\n<p>Instalado em um casario do s\u00e9culo XX preservado pelo IPHAN apresenta culin\u00e1ria italiana contempor\u00e2nea em ambiente moderno e descontra\u00eddo. O chef Marcelo Laskani prepara massas frescas caseiras e frutos do mar em receitas leves ideais para o clima carioca. <a href=\"http:\/\/www.inorio.com.br\/menu\/\">inorio.com.br<\/a><\/p>\n<p>&nbsp;<\/p>\n<p>&nbsp;<\/p>\n<p>&nbsp;<\/p>\n<p>&nbsp;<\/p>\n<p><strong>Nomade, Curitiba<\/strong><\/p>\n<p>Localizado no Nomaa, o melhor hotel da cidade, o restaurante \u00e9 aberto ao p\u00fablico para o caf\u00e9 da manh\u00e3, brunch, almo\u00e7o e jantar, mesclando ambiente de biblioteca, sala de estar, bar e restaurante. O chef L\u00eanin Palhano est\u00e1 \u00e0 frente da cozinha e valoriza a cultura local, elaborando pratos artesanalmente com ingredientes frescos e org\u00e2nicos de pequenos produtores. <a href=\"https:\/\/www.nomaa.com.br\/gastronomia\/\">nomaa.com.br<\/a><\/p>\n<p><strong>Casa dos Contos, Belo Horizonte<\/strong><\/p>\n<p><img loading=\"lazy\" decoding=\"async\" class=\"alignleft size-medium wp-image-12995\" src=\"https:\/\/jusprev.org.br\/backup\/wp-content\/uploads\/2019\/10\/costelinha-a-mineira_casadoscontos-bh-300x201.jpg\" alt=\"\" width=\"300\" height=\"201\" srcset=\"https:\/\/jusprev.org.br\/backup\/wp-content\/uploads\/2019\/10\/costelinha-a-mineira_casadoscontos-bh-300x201.jpg 300w, https:\/\/jusprev.org.br\/backup\/wp-content\/uploads\/2019\/10\/costelinha-a-mineira_casadoscontos-bh-768x514.jpg 768w, https:\/\/jusprev.org.br\/backup\/wp-content\/uploads\/2019\/10\/costelinha-a-mineira_casadoscontos-bh-1024x685.jpg 1024w, https:\/\/jusprev.org.br\/backup\/wp-content\/uploads\/2019\/10\/costelinha-a-mineira_casadoscontos-bh.jpg 1600w\" sizes=\"auto, (max-width: 300px) 100vw, 300px\" \/><\/p>\n<p>Um cl\u00e1ssico desde 1975 e eleito o melhor restaurante tradicional da capital mineira por seis anos consecutivos, a casa traz o melhor da cozinha brasileira, como fil\u00e9 surprise com batata frita, ovo frito e banana \u00e0 milanesa servido com arroz \u00e0 piemontesa. Os pratos fartos servem duas pessoas. <a href=\"http:\/\/www.restaurantecasadoscontos.com.br\/\">restauratecasadoscontos.com.br<\/a><\/p>\n<p>&nbsp;<\/p>\n<p>&nbsp;<\/p>\n<p>&nbsp;<\/p>\n<p>&nbsp;<\/p>\n<p>Consulte-nos para pedir um or\u00e7amento e personalizar sua viagem. <a href=\"https:\/\/api.whatsapp.com\/send?1=pt_BR&amp;phone=5511999892862\">Clique aqui<\/a> para enviar mensagem por Whatsapp.<\/p>\n<p>Excelentes viagens e momentos \u00fanicos,<\/p>\n<p><a href=\"https:\/\/www.instagram.com\/adri.lage\/\"><strong>Adriana Lage<\/strong><\/a><\/p>\n<p><a href=\"https:\/\/www.yumpu.com\/pt\/document\/read\/62643600\/a-camminare-traveller-ed-02\"><strong>Leia a revista aqui<\/strong><\/a><\/p>\n<p><strong>\u00a0<\/strong><\/p>\n","protected":false},"excerpt":{"rendered":"<p>ONDE CELEBRAR O HALLOWEEN NOS ESTADOS UNIDOS Dallas, Texas O Dallas Arboretum and Botanical Garden \u00e9 considerado um dos melhores do mundo, com mais de 1,4 milh\u00e3o de plantas distribu\u00eddas&#8230;<\/p>\n","protected":false},"author":1,"featured_media":12993,"comment_status":"open","ping_status":"closed","sticky":false,"template":"","format":"standard","meta":{"footnotes":""},"categories":[50,52,31],"tags":[],"class_list":["post-12985","post","type-post","status-publish","format-standard","has-post-thumbnail","hentry","category-clube_de_vantagens","category-destaque","category-noticias"],"_links":{"self":[{"href":"https:\/\/jusprev.org.br\/backup\/wp-json\/wp\/v2\/posts\/12985","targetHints":{"allow":["GET"]}}],"collection":[{"href":"https:\/\/jusprev.org.br\/backup\/wp-json\/wp\/v2\/posts"}],"about":[{"href":"https:\/\/jusprev.org.br\/backup\/wp-json\/wp\/v2\/types\/post"}],"author":[{"embeddable":true,"href":"https:\/\/jusprev.org.br\/backup\/wp-json\/wp\/v2\/users\/1"}],"replies":[{"embeddable":true,"href":"https:\/\/jusprev.org.br\/backup\/wp-json\/wp\/v2\/comments?post=12985"}],"version-history":[{"count":6,"href":"https:\/\/jusprev.org.br\/backup\/wp-json\/wp\/v2\/posts\/12985\/revisions"}],"predecessor-version":[{"id":12998,"href":"https:\/\/jusprev.org.br\/backup\/wp-json\/wp\/v2\/posts\/12985\/revisions\/12998"}],"wp:featuredmedia":[{"embeddable":true,"href":"https:\/\/jusprev.org.br\/backup\/wp-json\/wp\/v2\/media\/12993"}],"wp:attachment":[{"href":"https:\/\/jusprev.org.br\/backup\/wp-json\/wp\/v2\/media?parent=12985"}],"wp:term":[{"taxonomy":"category","embeddable":true,"href":"https:\/\/jusprev.org.br\/backup\/wp-json\/wp\/v2\/categories?post=12985"},{"taxonomy":"post_tag","embeddable":true,"href":"https:\/\/jusprev.org.br\/backup\/wp-json\/wp\/v2\/tags?post=12985"}],"curies":[{"name":"wp","href":"https:\/\/api.w.org\/{rel}","templated":true}]}}