{"id":13001,"date":"2019-10-04T15:02:15","date_gmt":"2019-10-04T18:02:15","guid":{"rendered":"https:\/\/jusprev.org.br\/backup\/?p=13001"},"modified":"2019-10-04T16:42:14","modified_gmt":"2019-10-04T19:42:14","slug":"jusprev-participa-do-congresso-brasileiro-de-direito-previdenciario","status":"publish","type":"post","link":"https:\/\/jusprev.org.br\/backup\/jusprev-participa-do-congresso-brasileiro-de-direito-previdenciario\/","title":{"rendered":"JUSPREV participa do Congresso Brasileiro de Direito Previdenci\u00e1rio"},"content":{"rendered":"<p>Nesta semana, nos dias 03, 04 e 05 de outubro, acontece em Fortaleza (CE) o XV Congresso Brasileiro de Direito Previdenci\u00e1rio. A JUSPREV est\u00e1 presente no evento, por meio do Diretor Jur\u00eddico e de Benef\u00edcios, Dr. M\u00e1rcio Humberto Gheller e do Presidente do Col\u00e9gio de Instituidoras da Entidade e Presidente da ANFIP, Dr. D\u00e9cio Bruno Lopes. O evento re\u00fane advogados, ju\u00edzes, procuradores, defensores p\u00fablicos, servidos, professores e demais interessados no assunto. Tem como objetivo debater assuntos atuais do Direito Previdenci\u00e1rio, com oficinas, semin\u00e1rios e estudos de caso.<\/p>\n<p><img loading=\"lazy\" decoding=\"async\" class=\"alignleft size-medium wp-image-13002\" src=\"https:\/\/jusprev.org.br\/backup\/wp-content\/uploads\/2019\/10\/congresso_direito_previdenciario-300x229.jpg\" alt=\"\" width=\"300\" height=\"229\" srcset=\"https:\/\/jusprev.org.br\/backup\/wp-content\/uploads\/2019\/10\/congresso_direito_previdenciario-300x229.jpg 300w, https:\/\/jusprev.org.br\/backup\/wp-content\/uploads\/2019\/10\/congresso_direito_previdenciario-768x587.jpg 768w, https:\/\/jusprev.org.br\/backup\/wp-content\/uploads\/2019\/10\/congresso_direito_previdenciario.jpg 960w\" sizes=\"auto, (max-width: 300px) 100vw, 300px\" \/><\/p>\n<p style=\"text-align: center;\"><em>Na foto, \u00e0 esquerda, Dr. D\u00e9cio Bruno Lopes e\u00a0Dr. M\u00e1rcio Humberto Gheller<\/em><\/p>\n","protected":false},"excerpt":{"rendered":"<p>Nesta semana, nos dias 03, 04 e 05 de outubro, acontece em Fortaleza (CE) o XV Congresso Brasileiro de Direito Previdenci\u00e1rio. A JUSPREV est\u00e1 presente no evento, por meio do&#8230;<\/p>\n","protected":false},"author":1,"featured_media":13002,"comment_status":"open","ping_status":"closed","sticky":false,"template":"","format":"standard","meta":{"footnotes":""},"categories":[52,31],"tags":[],"class_list":["post-13001","post","type-post","status-publish","format-standard","has-post-thumbnail","hentry","category-destaque","category-noticias"],"_links":{"self":[{"href":"https:\/\/jusprev.org.br\/backup\/wp-json\/wp\/v2\/posts\/13001","targetHints":{"allow":["GET"]}}],"collection":[{"href":"https:\/\/jusprev.org.br\/backup\/wp-json\/wp\/v2\/posts"}],"about":[{"href":"https:\/\/jusprev.org.br\/backup\/wp-json\/wp\/v2\/types\/post"}],"author":[{"embeddable":true,"href":"https:\/\/jusprev.org.br\/backup\/wp-json\/wp\/v2\/users\/1"}],"replies":[{"embeddable":true,"href":"https:\/\/jusprev.org.br\/backup\/wp-json\/wp\/v2\/comments?post=13001"}],"version-history":[{"count":8,"href":"https:\/\/jusprev.org.br\/backup\/wp-json\/wp\/v2\/posts\/13001\/revisions"}],"predecessor-version":[{"id":13018,"href":"https:\/\/jusprev.org.br\/backup\/wp-json\/wp\/v2\/posts\/13001\/revisions\/13018"}],"wp:featuredmedia":[{"embeddable":true,"href":"https:\/\/jusprev.org.br\/backup\/wp-json\/wp\/v2\/media\/13002"}],"wp:attachment":[{"href":"https:\/\/jusprev.org.br\/backup\/wp-json\/wp\/v2\/media?parent=13001"}],"wp:term":[{"taxonomy":"category","embeddable":true,"href":"https:\/\/jusprev.org.br\/backup\/wp-json\/wp\/v2\/categories?post=13001"},{"taxonomy":"post_tag","embeddable":true,"href":"https:\/\/jusprev.org.br\/backup\/wp-json\/wp\/v2\/tags?post=13001"}],"curies":[{"name":"wp","href":"https:\/\/api.w.org\/{rel}","templated":true}]}}