{"id":13010,"date":"2019-10-04T15:19:46","date_gmt":"2019-10-04T18:19:46","guid":{"rendered":"https:\/\/jusprev.org.br\/backup\/?p=13010"},"modified":"2019-10-11T11:31:39","modified_gmt":"2019-10-11T14:31:39","slug":"planjus-e-apresentado-para-associados-da-anfip-ce","status":"publish","type":"post","link":"https:\/\/jusprev.org.br\/backup\/planjus-e-apresentado-para-associados-da-anfip-ce\/","title":{"rendered":"PLANJUS \u00e9 apresentado para Associados da ANFIP-CE"},"content":{"rendered":"<p>O plano de benef\u00edcios previdenci\u00e1rios da JUSPREV, o PLANJUS, foi apresentado na Associa\u00e7\u00e3o dos Auditores Fiscais da Receita Federal do Brasil \u2013 unidade Fortaleza (CE). O evento aconteceu no dia 03 de outubro. Participaram pela JUSPREV, o Diretor Jur\u00eddico e de Benef\u00edcios, Dr. M\u00e1rcio Humberto Gheller, o Presidente do Col\u00e9gio de Instituidoras da Entidade e Presidente da ANFIP, Dr. D\u00e9cio Bruno Lopes, e a consultora previdenci\u00e1ria da Regi\u00e3o Nordeste, Telma dos Santos. A explana\u00e7\u00e3o foi realizada para os associados da ANFIP, durante reuni\u00e3o promovida pela entidade.<\/p>\n<p><img loading=\"lazy\" decoding=\"async\" class=\"aligncenter wp-image-13011\" src=\"https:\/\/jusprev.org.br\/backup\/wp-content\/uploads\/2019\/10\/a624eb28-a6e3-4a6c-97c7-f5ab3b6b78a9.jpg\" alt=\"\" width=\"581\" height=\"432\" srcset=\"https:\/\/jusprev.org.br\/backup\/wp-content\/uploads\/2019\/10\/a624eb28-a6e3-4a6c-97c7-f5ab3b6b78a9.jpg 1240w, https:\/\/jusprev.org.br\/backup\/wp-content\/uploads\/2019\/10\/a624eb28-a6e3-4a6c-97c7-f5ab3b6b78a9-300x223.jpg 300w, https:\/\/jusprev.org.br\/backup\/wp-content\/uploads\/2019\/10\/a624eb28-a6e3-4a6c-97c7-f5ab3b6b78a9-768x571.jpg 768w, https:\/\/jusprev.org.br\/backup\/wp-content\/uploads\/2019\/10\/a624eb28-a6e3-4a6c-97c7-f5ab3b6b78a9-1024x761.jpg 1024w\" sizes=\"auto, (max-width: 581px) 100vw, 581px\" \/><\/p>\n<p><img loading=\"lazy\" decoding=\"async\" class=\"aligncenter wp-image-13014\" src=\"https:\/\/jusprev.org.br\/backup\/wp-content\/uploads\/2019\/10\/f993cc05-2df3-49eb-9389-c390a9a7898d.jpg\" alt=\"\" width=\"580\" height=\"393\" srcset=\"https:\/\/jusprev.org.br\/backup\/wp-content\/uploads\/2019\/10\/f993cc05-2df3-49eb-9389-c390a9a7898d.jpg 1177w, https:\/\/jusprev.org.br\/backup\/wp-content\/uploads\/2019\/10\/f993cc05-2df3-49eb-9389-c390a9a7898d-300x203.jpg 300w, https:\/\/jusprev.org.br\/backup\/wp-content\/uploads\/2019\/10\/f993cc05-2df3-49eb-9389-c390a9a7898d-768x521.jpg 768w, https:\/\/jusprev.org.br\/backup\/wp-content\/uploads\/2019\/10\/f993cc05-2df3-49eb-9389-c390a9a7898d-1024x694.jpg 1024w\" sizes=\"auto, (max-width: 580px) 100vw, 580px\" \/><\/p>\n<p>&nbsp;<\/p>\n<p>&nbsp;<\/p>\n","protected":false},"excerpt":{"rendered":"<p>O plano de benef\u00edcios previdenci\u00e1rios da JUSPREV, o PLANJUS, foi apresentado na Associa\u00e7\u00e3o dos Auditores Fiscais da Receita Federal do Brasil \u2013 unidade Fortaleza (CE). O evento aconteceu no dia&#8230;<\/p>\n","protected":false},"author":1,"featured_media":13012,"comment_status":"open","ping_status":"closed","sticky":false,"template":"","format":"standard","meta":{"footnotes":""},"categories":[52,31],"tags":[],"class_list":["post-13010","post","type-post","status-publish","format-standard","has-post-thumbnail","hentry","category-destaque","category-noticias"],"_links":{"self":[{"href":"https:\/\/jusprev.org.br\/backup\/wp-json\/wp\/v2\/posts\/13010","targetHints":{"allow":["GET"]}}],"collection":[{"href":"https:\/\/jusprev.org.br\/backup\/wp-json\/wp\/v2\/posts"}],"about":[{"href":"https:\/\/jusprev.org.br\/backup\/wp-json\/wp\/v2\/types\/post"}],"author":[{"embeddable":true,"href":"https:\/\/jusprev.org.br\/backup\/wp-json\/wp\/v2\/users\/1"}],"replies":[{"embeddable":true,"href":"https:\/\/jusprev.org.br\/backup\/wp-json\/wp\/v2\/comments?post=13010"}],"version-history":[{"count":3,"href":"https:\/\/jusprev.org.br\/backup\/wp-json\/wp\/v2\/posts\/13010\/revisions"}],"predecessor-version":[{"id":13053,"href":"https:\/\/jusprev.org.br\/backup\/wp-json\/wp\/v2\/posts\/13010\/revisions\/13053"}],"wp:featuredmedia":[{"embeddable":true,"href":"https:\/\/jusprev.org.br\/backup\/wp-json\/wp\/v2\/media\/13012"}],"wp:attachment":[{"href":"https:\/\/jusprev.org.br\/backup\/wp-json\/wp\/v2\/media?parent=13010"}],"wp:term":[{"taxonomy":"category","embeddable":true,"href":"https:\/\/jusprev.org.br\/backup\/wp-json\/wp\/v2\/categories?post=13010"},{"taxonomy":"post_tag","embeddable":true,"href":"https:\/\/jusprev.org.br\/backup\/wp-json\/wp\/v2\/tags?post=13010"}],"curies":[{"name":"wp","href":"https:\/\/api.w.org\/{rel}","templated":true}]}}