{"id":13016,"date":"2019-10-04T16:41:31","date_gmt":"2019-10-04T19:41:31","guid":{"rendered":"https:\/\/jusprev.org.br\/backup\/?p=13016"},"modified":"2022-12-27T23:41:00","modified_gmt":"2022-12-28T02:41:00","slug":"conheca-as-vantagens-dos-aportes-para-o-seu-futuro-prazo-em-2019-e-ate-26-de-dezembro","status":"publish","type":"post","link":"https:\/\/jusprev.org.br\/backup\/conheca-as-vantagens-dos-aportes-para-o-seu-futuro-prazo-em-2019-e-ate-26-de-dezembro\/","title":{"rendered":"Conhe\u00e7a as vantagens dos aportes para o seu futuro. Prazo em 2019 \u00e9 at\u00e9 26 de dezembro"},"content":{"rendered":"<p>Al\u00e9m das contribui\u00e7\u00f5es mensais feitas para a Renda Mensal Programada, os participantes da JUSPREV podem fazer aportes. S\u00e3o contribui\u00e7\u00f5es espor\u00e1dicas que podem ser realizadas na conta individual do PLANJUS para aumentar o saldo, auxiliando no planejamento de um futuro financeiro ainda mais tranquilo e seguro.<\/p>\n<p>Ao fazer aportes, o participante cuida do futuro e ainda tem mais rentabilidade a longo prazo, j\u00e1 que este valor passar\u00e1 a integrar a conta individual no PLANJUS e s\u00f3 vai crescer at\u00e9 chegar no momento de receber o benef\u00edcio da renda mensal programada no futuro.<\/p>\n<p>Outra vantagem dos aportes \u00e9 a diminui\u00e7\u00e3o da base de c\u00e1lculo do Imposto de Renda na declara\u00e7\u00e3o do IR. Ou seja, se as contribui\u00e7\u00f5es anuais feitas para o PLANJUS n\u00e3o alcan\u00e7arem o valor suficiente para a isen\u00e7\u00e3o de IR de at\u00e9 12% da renda bruta anual, \u00e9 poss\u00edvel complementar com as contribui\u00e7\u00f5es espor\u00e1dicas, que s\u00e3o os aportes.\u00a0<strong>Mas para obter este benef\u00edcio na pr\u00f3xima declara\u00e7\u00e3o, os aportes devem ser realizados at\u00e9 o dia 26 de dezembro de 2019.\u00a0<\/strong><\/p>\n<p>Obtendo a dedu\u00e7\u00e3o no IR, o participante pode, se assim desejar, retornar este valor para a sua previd\u00eancia, incrementando ainda mais o saldo da conta individual.<\/p>\n<p><strong>Como fazer aportes?<\/strong><\/p>\n<p>No Portal Meu Futuro, exclusivo do participante, \u00e9 poss\u00edvel gerar um boleto de aporte. Basta acessar https:\/\/jusprev.org.br\/backup\/sou-participante\/. Se preferir, o participante pode solicitar o boleto por meio de Central de Relacionamento, no email relacionamento@jusprev.org.br, telefone 41 &#8211; 3252-3400 ou mesmo WhatsApp: (41) 99512-8377.<\/p>\n<p>Voc\u00ea tamb\u00e9m pode contar com os consultores da Jusprev para auxiliar no c\u00e1lculo individual: consultoria@jusprev.org.br.<\/p>\n<p><strong>Existe valor m\u00ednimo de aporte?<\/strong><\/p>\n<p>O valor m\u00ednimo de boleto de aporte \u00e9 o mesmo valor m\u00ednimo da contribui\u00e7\u00e3o b\u00e1sica permitida na JUSPREV no ano vigente, de acordo com a idade do participante. Para o ano de 2019, participantes com idade entre 0 e 18 anos, o valor m\u00ednimo \u00e9 de R$88,41. De 19 a 25 anos, \u00e9 de R$176,83. J\u00e1 para participantes acima de 25 anos, o valor \u00e9 de R$353,67.<\/p>\n<p><strong>Ficou alguma d\u00favida?<\/strong><\/p>\n<p>Fale com a JUSPREV por meio da Central de Relacionamento com o Participante:<\/p>\n<p>&gt; relacionamento@jusprev.org.br<\/p>\n<p>&gt; WhatsApp: (41) 99512-8377<\/p>\n","protected":false},"excerpt":{"rendered":"<p>Al\u00e9m das contribui\u00e7\u00f5es mensais feitas para a Renda Mensal Programada, os participantes da JUSPREV podem fazer aportes. S\u00e3o contribui\u00e7\u00f5es espor\u00e1dicas que podem ser realizadas na conta individual do PLANJUS para&#8230;<\/p>\n","protected":false},"author":1,"featured_media":13048,"comment_status":"closed","ping_status":"closed","sticky":false,"template":"","format":"standard","meta":{"footnotes":""},"categories":[52,31],"tags":[],"class_list":["post-13016","post","type-post","status-publish","format-standard","has-post-thumbnail","hentry","category-destaque","category-noticias"],"_links":{"self":[{"href":"https:\/\/jusprev.org.br\/backup\/wp-json\/wp\/v2\/posts\/13016","targetHints":{"allow":["GET"]}}],"collection":[{"href":"https:\/\/jusprev.org.br\/backup\/wp-json\/wp\/v2\/posts"}],"about":[{"href":"https:\/\/jusprev.org.br\/backup\/wp-json\/wp\/v2\/types\/post"}],"author":[{"embeddable":true,"href":"https:\/\/jusprev.org.br\/backup\/wp-json\/wp\/v2\/users\/1"}],"replies":[{"embeddable":true,"href":"https:\/\/jusprev.org.br\/backup\/wp-json\/wp\/v2\/comments?post=13016"}],"version-history":[{"count":8,"href":"https:\/\/jusprev.org.br\/backup\/wp-json\/wp\/v2\/posts\/13016\/revisions"}],"predecessor-version":[{"id":15935,"href":"https:\/\/jusprev.org.br\/backup\/wp-json\/wp\/v2\/posts\/13016\/revisions\/15935"}],"wp:featuredmedia":[{"embeddable":true,"href":"https:\/\/jusprev.org.br\/backup\/wp-json\/wp\/v2\/media\/13048"}],"wp:attachment":[{"href":"https:\/\/jusprev.org.br\/backup\/wp-json\/wp\/v2\/media?parent=13016"}],"wp:term":[{"taxonomy":"category","embeddable":true,"href":"https:\/\/jusprev.org.br\/backup\/wp-json\/wp\/v2\/categories?post=13016"},{"taxonomy":"post_tag","embeddable":true,"href":"https:\/\/jusprev.org.br\/backup\/wp-json\/wp\/v2\/tags?post=13016"}],"curies":[{"name":"wp","href":"https:\/\/api.w.org\/{rel}","templated":true}]}}